{"id":81952,"date":"2026-04-30T03:58:07","date_gmt":"2026-04-30T03:58:07","guid":{"rendered":"https:\/\/lahora.mx\/?p=81952"},"modified":"2026-04-30T03:58:07","modified_gmt":"2026-04-30T03:58:07","slug":"estados-unidos-acusa-a-excomandante-de-zona-militar-en-puebla-por-nexos-con-el-cartel-de-sinaloa","status":"publish","type":"post","link":"https:\/\/lahora.mx\/index.php\/2026\/04\/30\/estados-unidos-acusa-a-excomandante-de-zona-militar-en-puebla-por-nexos-con-el-cartel-de-sinaloa\/","title":{"rendered":"Estados Unidos acusa a excomandante de Zona Militar en Puebla por nexos con el C\u00e1rtel de Sinaloa"},"content":{"rendered":"\n<p>El nombre del general Gerardo M\u00e9rida S\u00e1nchez, quien fue l\u00edder de la XXV Zona Militar en Puebla, ha vuelto a salir a la luz en una investigaci\u00f3n internacional que lo pone en la atenci\u00f3n de autoridades en Estados Unidos.<\/p>\n\n\n\n<p>Esto es por sus supuestos lazos con el crimen organizado y espec\u00edficamente con el C\u00e1rtel de Sinaloa, grupo al que supuestamente dio protecci\u00f3n.<\/p>\n\n\n\n<p>Su tiempo en territorio poblano sucedi\u00f3 bajo el entonces gobernador Miguel Barbosa Huerta y se recuerda como reservado, ya que no hubo operativos destacados ni resultados medi\u00e1ticos de gran impacto.<\/p>\n\n\n\n<p>Seg\u00fan la acusaci\u00f3n presentada por el Departamento de Justicia de Estados Unidos, el militar forma parte de un grupo de 10 funcionarios y exfuncionarios acusados de colaborar con el C\u00e1rtel de Sinaloa para el tr\u00e1fico de drogas hacia Estados Unidos.<\/p>\n\n\n\n<p>En la misma investigaci\u00f3n tambi\u00e9n se menciona al actual gobernador de Sinaloa, Rub\u00e9n Rocha Moya, al senador morenista Enrique Inzunza y al alcalde de Culiac\u00e1n, Juan de Dios G\u00e1mez, adem\u00e1s de otros pol\u00edticos de alto rango.<\/p>\n\n\n\n<p>\u00bfQu\u00e9 hizo Gerardo M\u00e9rida al frente de la XXV Zona Militar de Puebla?<br>Gerardo M\u00e9rida S\u00e1nchez tom\u00f3 el mando de la XXV Zona Militar el 16 de junio de 2021, en un contexto donde el gobierno estatal buscaba mejorar la seguridad con la presencia militar.<\/p>\n\n\n\n<p>Durante su gesti\u00f3n que dur\u00f3 hasta el 4 de septiembre de 2023 se mantuvo una estrategia de operativos constantes pero de bajo perfil, enfocados principalmente en combatir el robo de hidrocarburos en el llamado &#8216;Tri\u00e1ngulo Rojo&#8217; y en acciones coordinadas con la Guardia Nacional y las fuerzas estatales.<\/p>\n\n\n\n<p>Aunque el Ej\u00e9rcito particip\u00f3 en cateos, retenes y despliegues en \u00e1reas con alta delincuencia, no se reportaron capturas significativas o acciones de gran impacto que definieran su administraci\u00f3n.<\/p>\n\n\n\n<p>Gerardo M\u00e9rida reemplaz\u00f3 al general Rodrigo Herrera, quien estuvo a cargo de la 25 Zona Militar por poco m\u00e1s de ocho meses.<br>Su gesti\u00f3n comenz\u00f3 con el gobierno de Miguel Barbosa en el poder, sin embargo, tras el fallecimiento de este, el entonces comandante continu\u00f3 en funciones en la XXV Zona militar durante la administraci\u00f3n de Ana Luc\u00eda Hill Mayoral, para concluir su gesti\u00f3n con la llegada de Sergio Salom\u00f3n C\u00e9spedes como l\u00edder del ejecutivo local.<\/p>\n","protected":false},"excerpt":{"rendered":"<p>El nombre del general Gerardo M\u00e9rida S\u00e1nchez, quien fue l\u00edder de la XXV Zona Militar en Puebla, ha vuelto a salir a la luz en una investigaci\u00f3n internacional que lo pone en la atenci\u00f3n de autoridades en Estados Unidos. Esto es por sus supuestos lazos con el crimen organizado y espec\u00edficamente con el C\u00e1rtel de [&hellip;]<\/p>\n","protected":false},"author":1,"featured_media":81953,"comment_status":"open","ping_status":"open","sticky":false,"template":"","format":"standard","meta":{"om_disable_all_campaigns":false,"_monsterinsights_skip_tracking":false,"_monsterinsights_sitenote_active":false,"_monsterinsights_sitenote_note":"","_monsterinsights_sitenote_category":0,"footnotes":""},"categories":[175],"tags":[223],"class_list":["post-81952","post","type-post","status-publish","format-standard","has-post-thumbnail","hentry","category-local","tag-puebla"],"amp_enabled":true,"_links":{"self":[{"href":"https:\/\/lahora.mx\/index.php\/wp-json\/wp\/v2\/posts\/81952","targetHints":{"allow":["GET"]}}],"collection":[{"href":"https:\/\/lahora.mx\/index.php\/wp-json\/wp\/v2\/posts"}],"about":[{"href":"https:\/\/lahora.mx\/index.php\/wp-json\/wp\/v2\/types\/post"}],"author":[{"embeddable":true,"href":"https:\/\/lahora.mx\/index.php\/wp-json\/wp\/v2\/users\/1"}],"replies":[{"embeddable":true,"href":"https:\/\/lahora.mx\/index.php\/wp-json\/wp\/v2\/comments?post=81952"}],"version-history":[{"count":1,"href":"https:\/\/lahora.mx\/index.php\/wp-json\/wp\/v2\/posts\/81952\/revisions"}],"predecessor-version":[{"id":81954,"href":"https:\/\/lahora.mx\/index.php\/wp-json\/wp\/v2\/posts\/81952\/revisions\/81954"}],"wp:featuredmedia":[{"embeddable":true,"href":"https:\/\/lahora.mx\/index.php\/wp-json\/wp\/v2\/media\/81953"}],"wp:attachment":[{"href":"https:\/\/lahora.mx\/index.php\/wp-json\/wp\/v2\/media?parent=81952"}],"wp:term":[{"taxonomy":"category","embeddable":true,"href":"https:\/\/lahora.mx\/index.php\/wp-json\/wp\/v2\/categories?post=81952"},{"taxonomy":"post_tag","embeddable":true,"href":"https:\/\/lahora.mx\/index.php\/wp-json\/wp\/v2\/tags?post=81952"}],"curies":[{"name":"wp","href":"https:\/\/api.w.org\/{rel}","templated":true}]}}