{"id":81946,"date":"2026-04-30T02:10:39","date_gmt":"2026-04-30T02:10:39","guid":{"rendered":"https:\/\/lahora.mx\/?p=81946"},"modified":"2026-04-30T02:10:39","modified_gmt":"2026-04-30T02:10:39","slug":"fge-advierte-castigo-a-menores-por-amenazas-de-tiroteos-en-escuelas-de-puebla","status":"publish","type":"post","link":"https:\/\/lahora.mx\/index.php\/2026\/04\/30\/fge-advierte-castigo-a-menores-por-amenazas-de-tiroteos-en-escuelas-de-puebla\/","title":{"rendered":"FGE advierte castigo a menores por amenazas de tiroteos en escuelas de Puebla"},"content":{"rendered":"\n<p>Tras la detecci\u00f3n de pintas en escuelas de Puebla con amenazas de tiroteos, la Fiscal\u00eda General del Estado (FGE) advirti\u00f3 que los responsables, incluso si son menores de edad, podr\u00edan enfrentar cargos por el delito de amenazas, con sanciones que van desde amonestaciones hasta internamiento o prisi\u00f3n, seg\u00fan el caso. A su vez, autoridades estatales avalaron la implementaci\u00f3n de operativos mochila y la instalaci\u00f3n de arcos detectores de metales como medidas preventivas.<\/p>\n\n\n\n<p>Jos\u00e9 Luis Hern\u00e1ndez Gonz\u00e1lez, titular de la Fiscal\u00eda Metropolitana, inform\u00f3 en rueda de prensa que en la entidad se han atendido seis casos de este tipo: cinco en planteles educativos y uno en un hospital. Adem\u00e1s, explic\u00f3 en qu\u00e9 consiste este reto denominado \u201cTiroteo ma\u00f1ana\u201d.<\/p>\n\n\n\n<p>\u201cEste reto consiste en escribir amenazas en ba\u00f1os, puertas de instituciones educativas o espacios p\u00fablicos. Se detectaron cinco casos en escuelas y uno en un hospital\u201d, detall\u00f3.<\/p>\n\n\n\n<p>Se\u00f1al\u00f3 que la Fiscal\u00eda mantiene coordinaci\u00f3n con diversos municipios, ya que este tipo de pr\u00e1cticas no solo se han detectado en la capital, sino tambi\u00e9n en otras regiones del estado.<\/p>\n\n\n\n<p>Advirti\u00f3 que, si se comprueba la responsabilidad de alg\u00fan menor de edad se proceder\u00e1 conforme a la ley, ya que esta condici\u00f3n no lo exime de enfrentar consecuencias legales.<br><br>\u201cAunque se trate de menores de edad, se configura el delito de amenazas porque se altera el orden p\u00fablico y se activan protocolos de seguridad. Si se acredita la responsabilidad, se aplicar\u00e1n las medidas correspondientes conforme al Sistema de Justicia Especializado para Adolescentes\u201d, se\u00f1al\u00f3.<\/p>\n\n\n\n<p>Hern\u00e1ndez Gonz\u00e1lez precis\u00f3 que, en el caso de menores, las sanciones pueden ir desde la amonestaci\u00f3n hasta el internamiento, dependiendo de la gravedad del hecho, y subray\u00f3 que los padres tambi\u00e9n tienen responsabilidad en estos casos.<\/p>\n\n\n\n<p>\u201cLas medidas van desde la amonestaci\u00f3n hasta el internamiento, seg\u00fan la gravedad. Los padres son corresponsables, ya que deben garantizar la comparecencia del menor y acompa\u00f1arlo durante el proceso\u201d, explic\u00f3.<br><br>SSP llama a padres a reforzar vigilancia y concientizaci\u00f3n<br>Por su parte, el secretario de Seguridad P\u00fablica Estatal (SSP), Francisco S\u00e1nchez Gonz\u00e1lez, se\u00f1al\u00f3 que, pese a las quejas presentadas ante organismos de derechos humanos por las revisiones de mochilas en escuelas, estas forman parte de las medidas de seguridad. Asimismo, hizo un llamado a los padres de familia a fortalecer la supervisi\u00f3n y educaci\u00f3n de sus hijos.<\/p>\n\n\n\n<p>\u201cEs fundamental la concientizaci\u00f3n en casa. La educaci\u00f3n comienza en el hogar y los padres tenemos la responsabilidad de dialogar con nuestros hijos, orientarlos y supervisarlos\u201d, expres\u00f3.<br><br>Reiter\u00f3 que la prioridad es garantizar la seguridad de los estudiantes y asegur\u00f3 que las pintas detectadas recientemente, por fortuna, no pasaron de ser imitaciones o bromas.<\/p>\n\n\n\n<p>\u27a1\ufe0f Suscr\u00edbete a nuestro Newsletter y recibe las notas m\u00e1s relevantes en tu correo<\/p>\n\n\n\n<p>Finalmente, reconoci\u00f3 la decisi\u00f3n del Centro Escolar Ni\u00f1os H\u00e9roes de Chapultepec (CENHCH) de instalar detectores de metales como medida preventiva y a\u00f1adi\u00f3 que la SSP tambi\u00e9n ha colocado estos dispositivos en espacios p\u00fablicos como la Feria de Puebla.<\/p>\n","protected":false},"excerpt":{"rendered":"<p>Tras la detecci\u00f3n de pintas en escuelas de Puebla con amenazas de tiroteos, la Fiscal\u00eda General del Estado (FGE) advirti\u00f3 que los responsables, incluso si son menores de edad, podr\u00edan enfrentar cargos por el delito de amenazas, con sanciones que van desde amonestaciones hasta internamiento o prisi\u00f3n, seg\u00fan el caso. A su vez, autoridades estatales [&hellip;]<\/p>\n","protected":false},"author":1,"featured_media":81947,"comment_status":"open","ping_status":"open","sticky":false,"template":"","format":"standard","meta":{"om_disable_all_campaigns":false,"_monsterinsights_skip_tracking":false,"_monsterinsights_sitenote_active":false,"_monsterinsights_sitenote_note":"","_monsterinsights_sitenote_category":0,"footnotes":""},"categories":[226],"tags":[],"class_list":["post-81946","post","type-post","status-publish","format-standard","has-post-thumbnail","hentry","category-policia"],"amp_enabled":true,"_links":{"self":[{"href":"https:\/\/lahora.mx\/index.php\/wp-json\/wp\/v2\/posts\/81946","targetHints":{"allow":["GET"]}}],"collection":[{"href":"https:\/\/lahora.mx\/index.php\/wp-json\/wp\/v2\/posts"}],"about":[{"href":"https:\/\/lahora.mx\/index.php\/wp-json\/wp\/v2\/types\/post"}],"author":[{"embeddable":true,"href":"https:\/\/lahora.mx\/index.php\/wp-json\/wp\/v2\/users\/1"}],"replies":[{"embeddable":true,"href":"https:\/\/lahora.mx\/index.php\/wp-json\/wp\/v2\/comments?post=81946"}],"version-history":[{"count":1,"href":"https:\/\/lahora.mx\/index.php\/wp-json\/wp\/v2\/posts\/81946\/revisions"}],"predecessor-version":[{"id":81948,"href":"https:\/\/lahora.mx\/index.php\/wp-json\/wp\/v2\/posts\/81946\/revisions\/81948"}],"wp:featuredmedia":[{"embeddable":true,"href":"https:\/\/lahora.mx\/index.php\/wp-json\/wp\/v2\/media\/81947"}],"wp:attachment":[{"href":"https:\/\/lahora.mx\/index.php\/wp-json\/wp\/v2\/media?parent=81946"}],"wp:term":[{"taxonomy":"category","embeddable":true,"href":"https:\/\/lahora.mx\/index.php\/wp-json\/wp\/v2\/categories?post=81946"},{"taxonomy":"post_tag","embeddable":true,"href":"https:\/\/lahora.mx\/index.php\/wp-json\/wp\/v2\/tags?post=81946"}],"curies":[{"name":"wp","href":"https:\/\/api.w.org\/{rel}","templated":true}]}}