{"id":81943,"date":"2026-04-30T01:59:11","date_gmt":"2026-04-30T01:59:11","guid":{"rendered":"https:\/\/lahora.mx\/?p=81943"},"modified":"2026-04-30T01:59:12","modified_gmt":"2026-04-30T01:59:12","slug":"el-jardinero-si-operaba-en-puebla-confirma-vicealmirante","status":"publish","type":"post","link":"https:\/\/lahora.mx\/index.php\/2026\/04\/30\/el-jardinero-si-operaba-en-puebla-confirma-vicealmirante\/","title":{"rendered":"\u201cEl Jardinero\u201d s\u00ed operaba en Puebla, confirma Vicealmirante"},"content":{"rendered":"\n<p>El titular de la Secretar\u00eda de Seguridad P\u00fablica, vicealmirante Francisco S\u00e1nchez, confirm\u00f3 la presencia de \u201cEl Jardinero\u201d en territorio de Puebla. Esto, tras el abatimiento de Nemesio Oseguera, \u201cEl Mencho\u201d, exl\u00edder del CJNG, por lo que las autoridades poblanas ya trabajan en coordinaci\u00f3n con la federaci\u00f3n para detener al nuevo cabecilla que qued\u00f3 al frente de esta organizaci\u00f3n.<br>En conferencia de prensa, el titular de la SSP habl\u00f3 acerca de la captura de Audias N., \u201cEl Jardinero\u201d, en Nayarit, destacando la alta peligrosidad de este sujeto ligado al c\u00e1rtel de las cuatro letras, quien manten\u00eda una alianza con el extinto Nemesio Oseguera, \u201cEl Mencho\u201d.<\/p>\n\n\n\n<p>El funcionario detall\u00f3 que \u201cEl Jardinero\u201d s\u00ed ten\u00eda presencia en el estado, principalmente en el corredor Puebla-Tlaxcala, al considerarse una ruta de alta afluencia de transportistas, quienes eran v\u00edctimas de extorsi\u00f3n e incluso de robo.<\/p>\n\n\n\n<p>Por tal motivo, la captura de \u201cEl Jardinero\u201d, a cargo de la federaci\u00f3n, represent\u00f3 un golpe importante contra el crimen organizado, especialmente contra las c\u00e9lulas delictivas que lideraba, vinculadas al robo de hidrocarburo, homicidios, extorsi\u00f3n y narcomenudeo.<\/p>\n\n\n\n<p>Sin embargo, el titular de la SSP detall\u00f3 que, aunque la detenci\u00f3n de este criminal representa un avance en el combate a la delincuencia, el CJNG no ha sido debilitado, ya que la organizaci\u00f3n sustituye a sus l\u00edderes cuando son capturados.<\/p>\n\n\n\n<p>Por ello, las autoridades poblanas trabajan en coordinaci\u00f3n con la federaci\u00f3n para desmantelar, de manera gradual, cada una de las c\u00e9lulas criminales que conforman el CJNG, incluida la denominada \u201cOperativa Barredora\u201d.<\/p>\n","protected":false},"excerpt":{"rendered":"<p>El titular de la Secretar\u00eda de Seguridad P\u00fablica, vicealmirante Francisco S\u00e1nchez, confirm\u00f3 la presencia de \u201cEl Jardinero\u201d en territorio de Puebla. Esto, tras el abatimiento de Nemesio Oseguera, \u201cEl Mencho\u201d, exl\u00edder del CJNG, por lo que las autoridades poblanas ya trabajan en coordinaci\u00f3n con la federaci\u00f3n para detener al nuevo cabecilla que qued\u00f3 al frente [&hellip;]<\/p>\n","protected":false},"author":1,"featured_media":81944,"comment_status":"open","ping_status":"open","sticky":false,"template":"","format":"standard","meta":{"om_disable_all_campaigns":false,"_monsterinsights_skip_tracking":false,"_monsterinsights_sitenote_active":false,"_monsterinsights_sitenote_note":"","_monsterinsights_sitenote_category":0,"footnotes":""},"categories":[226],"tags":[],"class_list":["post-81943","post","type-post","status-publish","format-standard","has-post-thumbnail","hentry","category-policia"],"amp_enabled":true,"_links":{"self":[{"href":"https:\/\/lahora.mx\/index.php\/wp-json\/wp\/v2\/posts\/81943","targetHints":{"allow":["GET"]}}],"collection":[{"href":"https:\/\/lahora.mx\/index.php\/wp-json\/wp\/v2\/posts"}],"about":[{"href":"https:\/\/lahora.mx\/index.php\/wp-json\/wp\/v2\/types\/post"}],"author":[{"embeddable":true,"href":"https:\/\/lahora.mx\/index.php\/wp-json\/wp\/v2\/users\/1"}],"replies":[{"embeddable":true,"href":"https:\/\/lahora.mx\/index.php\/wp-json\/wp\/v2\/comments?post=81943"}],"version-history":[{"count":1,"href":"https:\/\/lahora.mx\/index.php\/wp-json\/wp\/v2\/posts\/81943\/revisions"}],"predecessor-version":[{"id":81945,"href":"https:\/\/lahora.mx\/index.php\/wp-json\/wp\/v2\/posts\/81943\/revisions\/81945"}],"wp:featuredmedia":[{"embeddable":true,"href":"https:\/\/lahora.mx\/index.php\/wp-json\/wp\/v2\/media\/81944"}],"wp:attachment":[{"href":"https:\/\/lahora.mx\/index.php\/wp-json\/wp\/v2\/media?parent=81943"}],"wp:term":[{"taxonomy":"category","embeddable":true,"href":"https:\/\/lahora.mx\/index.php\/wp-json\/wp\/v2\/categories?post=81943"},{"taxonomy":"post_tag","embeddable":true,"href":"https:\/\/lahora.mx\/index.php\/wp-json\/wp\/v2\/tags?post=81943"}],"curies":[{"name":"wp","href":"https:\/\/api.w.org\/{rel}","templated":true}]}}