{"id":81922,"date":"2026-04-29T22:41:53","date_gmt":"2026-04-29T22:41:53","guid":{"rendered":"https:\/\/lahora.mx\/?p=81922"},"modified":"2026-04-29T22:41:54","modified_gmt":"2026-04-29T22:41:54","slug":"seis-denuncias-en-puebla-por-el-reto-viral-tiroteo-manana","status":"publish","type":"post","link":"https:\/\/lahora.mx\/index.php\/2026\/04\/29\/seis-denuncias-en-puebla-por-el-reto-viral-tiroteo-manana\/","title":{"rendered":"Seis denuncias en Puebla por el reto viral Tiroteo Ma\u00f1ana"},"content":{"rendered":"\n<p>El incremento del reto viral \u201cTiroteo Ma\u00f1ana\u201d en redes sociales ha encendido las alertas en M\u00e9xico, por lo que en el estado de Puebla no es la excepci\u00f3n y ya existen seis denuncias.<\/p>\n\n\n\n<p>Es as\u00ed que las denuncias por este reto viral son por parte de instituciones educativas y el Hospital del Sur del Puebla, report\u00f3 el Fiscal Metropolitano, Jos\u00e9 Luis Hern\u00e1ndez<br>En rueda de prensa dej\u00f3 en claro que la Fiscal\u00eda General del Estado de Puebla (FGE), mantiene una comunicaci\u00f3n eficiente con el 911, de la Secretar\u00eda de Seguridad P\u00fablica y todas las polic\u00edas municipales.<\/p>\n\n\n\n<p>El funcionario estatal, detalla que a pesar de que pueden estar involucrados menores de edad en las amenazas de este reto viral, se\u00f1ala que se considera un delito porque altera el orden p\u00fablico, provoca la activaci\u00f3n de protocolos de emergencia, as\u00ed como protocolos de seguridad.<\/p>\n\n\n\n<p>\u201cNos dicen que si es un menor de edad no se puede hacer nada contra ellos, no es cierto, si derivado de las investigaciones de la Fiscal\u00eda General del Estado se comprueba que un menos es responsable, se aplican sanciones conforme al Sistema Integral de Justicia Penal para Adolescentes todas las medidas que correspondan\u201d, declar\u00f3 Jos\u00e9 Lui Hern\u00e1ndez.<\/p>\n\n\n\n<p>Agreg\u00f3 que las misma pueden ir desde amonestaciones, hasta el internamiento, dependiendo de la gravedad de la falta.<\/p>\n\n\n\n<p>Tambi\u00e9n explic\u00f3 que los padres son corresponsables, porque si un menor es encontrado como culpable, el padre tiene que canalizar su comparecencia y tendr\u00e1 que acompa\u00f1ar al menor en un proceso de integraci\u00f3n y medidas que le establezcan.<\/p>\n","protected":false},"excerpt":{"rendered":"<p>El incremento del reto viral \u201cTiroteo Ma\u00f1ana\u201d en redes sociales ha encendido las alertas en M\u00e9xico, por lo que en el estado de Puebla no es la excepci\u00f3n y ya existen seis denuncias. Es as\u00ed que las denuncias por este reto viral son por parte de instituciones educativas y el Hospital del Sur del Puebla, [&hellip;]<\/p>\n","protected":false},"author":1,"featured_media":81923,"comment_status":"open","ping_status":"open","sticky":false,"template":"","format":"standard","meta":{"om_disable_all_campaigns":false,"_monsterinsights_skip_tracking":false,"_monsterinsights_sitenote_active":false,"_monsterinsights_sitenote_note":"","_monsterinsights_sitenote_category":0,"footnotes":""},"categories":[175],"tags":[195],"class_list":["post-81922","post","type-post","status-publish","format-standard","has-post-thumbnail","hentry","category-local","tag-principal"],"amp_enabled":true,"_links":{"self":[{"href":"https:\/\/lahora.mx\/index.php\/wp-json\/wp\/v2\/posts\/81922","targetHints":{"allow":["GET"]}}],"collection":[{"href":"https:\/\/lahora.mx\/index.php\/wp-json\/wp\/v2\/posts"}],"about":[{"href":"https:\/\/lahora.mx\/index.php\/wp-json\/wp\/v2\/types\/post"}],"author":[{"embeddable":true,"href":"https:\/\/lahora.mx\/index.php\/wp-json\/wp\/v2\/users\/1"}],"replies":[{"embeddable":true,"href":"https:\/\/lahora.mx\/index.php\/wp-json\/wp\/v2\/comments?post=81922"}],"version-history":[{"count":1,"href":"https:\/\/lahora.mx\/index.php\/wp-json\/wp\/v2\/posts\/81922\/revisions"}],"predecessor-version":[{"id":81924,"href":"https:\/\/lahora.mx\/index.php\/wp-json\/wp\/v2\/posts\/81922\/revisions\/81924"}],"wp:featuredmedia":[{"embeddable":true,"href":"https:\/\/lahora.mx\/index.php\/wp-json\/wp\/v2\/media\/81923"}],"wp:attachment":[{"href":"https:\/\/lahora.mx\/index.php\/wp-json\/wp\/v2\/media?parent=81922"}],"wp:term":[{"taxonomy":"category","embeddable":true,"href":"https:\/\/lahora.mx\/index.php\/wp-json\/wp\/v2\/categories?post=81922"},{"taxonomy":"post_tag","embeddable":true,"href":"https:\/\/lahora.mx\/index.php\/wp-json\/wp\/v2\/tags?post=81922"}],"curies":[{"name":"wp","href":"https:\/\/api.w.org\/{rel}","templated":true}]}}