{"id":8192,"date":"2022-06-14T23:15:09","date_gmt":"2022-06-14T23:15:09","guid":{"rendered":"http:\/\/lahora.mx\/?p=8192"},"modified":"2022-06-14T23:15:10","modified_gmt":"2022-06-14T23:15:10","slug":"se-vacunaran-a-325-mil-menores-de-5-a-11-anos-de-edad-en-puebla","status":"publish","type":"post","link":"https:\/\/lahora.mx\/index.php\/2022\/06\/14\/se-vacunaran-a-325-mil-menores-de-5-a-11-anos-de-edad-en-puebla\/","title":{"rendered":"Se vacunar\u00e1n a 325 mil menores de 5 a 11 a\u00f1os de edad en Puebla"},"content":{"rendered":"\n<p>Ser\u00e1n 325 mil los menores de 5 a 11 a\u00f1os de edad en Puebla los que podr\u00e1n vacunarse contra el coronavirus y a partir de este jueves 16 de junio sus padres podr\u00e1n registrarlos para acudir a la jornada cuando las autoridades correspondientes notifiquen los horarios y las fechas.<\/p>\n\n\n\n<p>La p\u00e1gina de registro va a ser la misma que en las jornadas anteriores, es decir: http:\/\/mivacuna.salud.gob.mx, y en este espacio los padres podr\u00e1n dar de alta a los ni\u00f1os s\u00f3lo con ingresar su CURP. Este registro es importante para que los estados tengan un control de la inoculaci\u00f3n.<\/p>\n\n\n\n<p>Lo anterior lo inform\u00f3 Hugo L\u00f3pez-Gatell Ram\u00edrez subsecretario de Prevenci\u00f3n y Promoci\u00f3n de la Salud, quien aprovech\u00f3 para mencionar que ya se firm\u00f3 contrat\u00f3 con la vacuna Pfizer para adquirir alrededor de 8 millones de dosis.<\/p>\n\n\n\n<p>Pap\u00e1s de Puebla, se acerca la vacuna antiCovid para ni\u00f1os<br>Hasta el momento, no hay fechas ni horarios espec\u00edficos para esta vacunaci\u00f3n en Puebla, pero el subsecretario pidi\u00f3 estar atentos a los canales oficiales de cada estado para que los padres de familia est\u00e9n informados.<\/p>\n\n\n\n<p>Tambi\u00e9n record\u00f3 que la vacunaci\u00f3n empez\u00f3 en el a\u00f1o 2020 con los adultos mayores por ser considerados como el grupo con m\u00e1s vulnerabilidad y, al tiempo, se vacun\u00f3 al personal de salud por estar en la primera l\u00ednea de riesgo.<\/p>\n\n\n\n<p>Posteriormente a los otros grupos etarios dependiendo su riesgo y para que las cifras de infecciones disminuyeran y hoy en d\u00eda, ya se podr\u00e1n inocular a los menores de 5 a 11 a\u00f1os, en este grupo se estiman alrededor de 15.4 millones de personas a nivel pa\u00eds.<\/p>\n\n\n\n<p>\u00bfC\u00f3mo ser\u00e1 la vacunaci\u00f3n?, el funcionario dijo que los m\u00f3dulos se van a ir activando por municipios como en las dem\u00e1s vacunaciones y la modalidad va a ser principalmente en instalaciones convencionales de salud. No obstante, tambi\u00e9n se habilitar\u00e1n unidades temporales como los famosos macro centros y otras unidades especiales.<\/p>\n\n\n\n<p>Especialistas en pediatr\u00eda llaman a no alarmarse ante la hepatitis aguda infantil<br>La vacunaci\u00f3n no ser\u00e1 simultanea en todo el pa\u00eds, por lo que pidi\u00f3 estar atentos a la informaci\u00f3n local que brinden las autoridades.<\/p>\n\n\n\n<p>En otro tema, la autoridad federal inform\u00f3 que el s\u00e1bado 11 de junio se habilitaron 40 sedes para recibir la documentaci\u00f3n de todos los postulantes a m\u00e9dicos, por la jornada nacional que arranc\u00f3 el Gobierno de M\u00e9xico, en Puebla se instalaron dos sedes.<\/p>\n","protected":false},"excerpt":{"rendered":"<p>Ser\u00e1n 325 mil los menores de 5 a 11 a\u00f1os de edad en Puebla los que podr\u00e1n vacunarse contra el coronavirus y a partir de este jueves 16 de junio sus padres podr\u00e1n registrarlos para acudir a la jornada cuando las autoridades correspondientes notifiquen los horarios y las fechas. La p\u00e1gina de registro va a [&hellip;]<\/p>\n","protected":false},"author":4,"featured_media":8193,"comment_status":"open","ping_status":"open","sticky":false,"template":"","format":"standard","meta":{"om_disable_all_campaigns":false,"_monsterinsights_skip_tracking":false,"_monsterinsights_sitenote_active":false,"_monsterinsights_sitenote_note":"","_monsterinsights_sitenote_category":0,"footnotes":""},"categories":[175],"tags":[223],"class_list":["post-8192","post","type-post","status-publish","format-standard","has-post-thumbnail","hentry","category-local","tag-puebla"],"amp_enabled":true,"_links":{"self":[{"href":"https:\/\/lahora.mx\/index.php\/wp-json\/wp\/v2\/posts\/8192","targetHints":{"allow":["GET"]}}],"collection":[{"href":"https:\/\/lahora.mx\/index.php\/wp-json\/wp\/v2\/posts"}],"about":[{"href":"https:\/\/lahora.mx\/index.php\/wp-json\/wp\/v2\/types\/post"}],"author":[{"embeddable":true,"href":"https:\/\/lahora.mx\/index.php\/wp-json\/wp\/v2\/users\/4"}],"replies":[{"embeddable":true,"href":"https:\/\/lahora.mx\/index.php\/wp-json\/wp\/v2\/comments?post=8192"}],"version-history":[{"count":1,"href":"https:\/\/lahora.mx\/index.php\/wp-json\/wp\/v2\/posts\/8192\/revisions"}],"predecessor-version":[{"id":8194,"href":"https:\/\/lahora.mx\/index.php\/wp-json\/wp\/v2\/posts\/8192\/revisions\/8194"}],"wp:featuredmedia":[{"embeddable":true,"href":"https:\/\/lahora.mx\/index.php\/wp-json\/wp\/v2\/media\/8193"}],"wp:attachment":[{"href":"https:\/\/lahora.mx\/index.php\/wp-json\/wp\/v2\/media?parent=8192"}],"wp:term":[{"taxonomy":"category","embeddable":true,"href":"https:\/\/lahora.mx\/index.php\/wp-json\/wp\/v2\/categories?post=8192"},{"taxonomy":"post_tag","embeddable":true,"href":"https:\/\/lahora.mx\/index.php\/wp-json\/wp\/v2\/tags?post=8192"}],"curies":[{"name":"wp","href":"https:\/\/api.w.org\/{rel}","templated":true}]}}