{"id":81916,"date":"2026-04-29T22:38:03","date_gmt":"2026-04-29T22:38:03","guid":{"rendered":"https:\/\/lahora.mx\/?p=81916"},"modified":"2026-04-29T22:38:04","modified_gmt":"2026-04-29T22:38:04","slug":"lineas-telefonicas-seran-suspendidas-en-mexico-si-no-son-registradas","status":"publish","type":"post","link":"https:\/\/lahora.mx\/index.php\/2026\/04\/29\/lineas-telefonicas-seran-suspendidas-en-mexico-si-no-son-registradas\/","title":{"rendered":"L\u00edneas telef\u00f3nicas ser\u00e1n suspendidas en M\u00e9xico si no son registradas"},"content":{"rendered":"\n<p>El uso del tel\u00e9fono celular en M\u00e9xico ya no ser\u00e1 completamente an\u00f3nimo. Desde inicios de 2026, entr\u00f3 en vigor una disposici\u00f3n que obliga a los usuarios a relacionar su n\u00famero m\u00f3vil con datos oficiales de identidad, una medida que ha generado dudas entre la poblaci\u00f3n sobre su funcionamiento y posibles implicaciones.<\/p>\n\n\n\n<p>La nueva regla, impulsada por la Comisi\u00f3n Reguladora de Telecomunicaciones, establece que todas las l\u00edneas \u2014ya sean de prepago o pospago\u2014 deben estar vinculadas a una persona f\u00edsica o moral. El registro se realiza mediante informaci\u00f3n como nombre completo, identificaci\u00f3n oficial y la Clave \u00danica de Registro de Poblaci\u00f3n (CURP), un documento b\u00e1sico en tr\u00e1mites gubernamentales.<br>De acuerdo con lo se\u00f1alado por las autoridades, el objetivo es reducir delitos como extorsi\u00f3n y fraudes telef\u00f3nicos, los cuales suelen aprovechar el anonimato de las l\u00edneas no registradas. Al asociar cada n\u00famero con una identidad verificable, se busca facilitar el rastreo de llamadas y reforzar las investigaciones en caso de denuncias.<\/p>\n\n\n\n<p>Para que los usuarios puedan tener control sobre esta informaci\u00f3n, la propia comisi\u00f3n habilit\u00f3 un sistema de consulta. A trav\u00e9s de su portal, cualquier persona puede revisar cu\u00e1ntas l\u00edneas est\u00e1n registradas con su CURP. El proceso incluye ingresar a la plataforma oficial, seleccionar la compa\u00f1\u00eda telef\u00f3nica correspondiente y proporcionar la clave personal. Una vez completados los pasos, el sistema muestra un listado con los n\u00fameros asociados.<\/p>\n\n\n\n<p>Este mecanismo tambi\u00e9n permite detectar posibles irregularidades. En caso de encontrar l\u00edneas desconocidas, los usuarios tienen la opci\u00f3n de reportarlas o solicitar su cancelaci\u00f3n directamente con su operador, lo que a\u00f1ade una capa de protecci\u00f3n frente a usos indebidos de identidad.<\/p>\n\n\n\n<p>El cumplimiento de este tr\u00e1mite tiene una fecha l\u00edmite: 30 de junio de 2026. Quienes no realicen el registro dentro del plazo establecido enfrentar\u00e1n la suspensi\u00f3n de su l\u00ednea, quedando habilitadas \u00fanicamente las llamadas de emergencia. Para recuperar el servicio completo, ser\u00e1 necesario completar el proceso de vinculaci\u00f3n.<\/p>\n","protected":false},"excerpt":{"rendered":"<p>El uso del tel\u00e9fono celular en M\u00e9xico ya no ser\u00e1 completamente an\u00f3nimo. Desde inicios de 2026, entr\u00f3 en vigor una disposici\u00f3n que obliga a los usuarios a relacionar su n\u00famero m\u00f3vil con datos oficiales de identidad, una medida que ha generado dudas entre la poblaci\u00f3n sobre su funcionamiento y posibles implicaciones. La nueva regla, impulsada [&hellip;]<\/p>\n","protected":false},"author":1,"featured_media":81917,"comment_status":"open","ping_status":"open","sticky":false,"template":"","format":"standard","meta":{"om_disable_all_campaigns":false,"_monsterinsights_skip_tracking":false,"_monsterinsights_sitenote_active":false,"_monsterinsights_sitenote_note":"","_monsterinsights_sitenote_category":0,"footnotes":""},"categories":[176],"tags":[195],"class_list":["post-81916","post","type-post","status-publish","format-standard","has-post-thumbnail","hentry","category-nacional","tag-principal"],"amp_enabled":true,"_links":{"self":[{"href":"https:\/\/lahora.mx\/index.php\/wp-json\/wp\/v2\/posts\/81916","targetHints":{"allow":["GET"]}}],"collection":[{"href":"https:\/\/lahora.mx\/index.php\/wp-json\/wp\/v2\/posts"}],"about":[{"href":"https:\/\/lahora.mx\/index.php\/wp-json\/wp\/v2\/types\/post"}],"author":[{"embeddable":true,"href":"https:\/\/lahora.mx\/index.php\/wp-json\/wp\/v2\/users\/1"}],"replies":[{"embeddable":true,"href":"https:\/\/lahora.mx\/index.php\/wp-json\/wp\/v2\/comments?post=81916"}],"version-history":[{"count":1,"href":"https:\/\/lahora.mx\/index.php\/wp-json\/wp\/v2\/posts\/81916\/revisions"}],"predecessor-version":[{"id":81918,"href":"https:\/\/lahora.mx\/index.php\/wp-json\/wp\/v2\/posts\/81916\/revisions\/81918"}],"wp:featuredmedia":[{"embeddable":true,"href":"https:\/\/lahora.mx\/index.php\/wp-json\/wp\/v2\/media\/81917"}],"wp:attachment":[{"href":"https:\/\/lahora.mx\/index.php\/wp-json\/wp\/v2\/media?parent=81916"}],"wp:term":[{"taxonomy":"category","embeddable":true,"href":"https:\/\/lahora.mx\/index.php\/wp-json\/wp\/v2\/categories?post=81916"},{"taxonomy":"post_tag","embeddable":true,"href":"https:\/\/lahora.mx\/index.php\/wp-json\/wp\/v2\/tags?post=81916"}],"curies":[{"name":"wp","href":"https:\/\/api.w.org\/{rel}","templated":true}]}}