{"id":81910,"date":"2026-04-29T22:34:39","date_gmt":"2026-04-29T22:34:39","guid":{"rendered":"https:\/\/lahora.mx\/?p=81910"},"modified":"2026-04-29T22:34:40","modified_gmt":"2026-04-29T22:34:40","slug":"puebla-destina-1500-mdp-a-obra-comunitaria","status":"publish","type":"post","link":"https:\/\/lahora.mx\/index.php\/2026\/04\/29\/puebla-destina-1500-mdp-a-obra-comunitaria\/","title":{"rendered":"Puebla destina 1,500 mdp a Obra Comunitaria"},"content":{"rendered":"\n<p>Con una inversi\u00f3n de mil 500 millones de pesos para 2026, el Gobierno del Estado consolida el Programa de Obra Comunitaria como un modelo de participaci\u00f3n directa que permite a la ciudadan\u00eda decidir, ejecutar y supervisar obras prioritarias en sus comunidades.<\/p>\n\n\n\n<p>El gobernador Alejandro Armenta Mier destac\u00f3 que este programa se construye a partir de diagn\u00f3sticos en territorio y asambleas comunitarias, donde la poblaci\u00f3n define las necesidades m\u00e1s urgentes. Subray\u00f3 que, alineado a los principios de la Cuarta Transformaci\u00f3n y en coordinaci\u00f3n con el gobierno federal encabezado por la presidenta Claudia Sheinbaum, el esquema fortalece la transparencia y combate pr\u00e1cticas de corrupci\u00f3n al reducir intermediarios.<\/p>\n\n\n\n<p>En su intervenci\u00f3n, la secretaria de Bienestar, Laura Artemisa Garc\u00eda Ch\u00e1vez, inform\u00f3 que en Puebla la pobreza se redujo en 20 puntos porcentuales, al pasar de 63.4 a 43.4 por ciento entre 2023 y 2026, de acuerdo con el Informe Anual de Bienestar Federal. Precis\u00f3 que en 2025 se realizaron m\u00e1s de 107 mil acciones mediante programas sociales, entre ellos Obra Comunitaria, con impacto en salud, vivienda y alimentaci\u00f3n.<\/p>\n\n\n\n<p>Por su parte, el subsecretario de Vivienda, Jos\u00e9 Luis Figueroa Ortiz, detall\u00f3 que en 2025 se ejercieron 408 millones de pesos en seis programas prioritarios que beneficiaron a 113 municipios, con acciones como pisos y techos firmes, cuartos dormitorio y electrificaci\u00f3n. A\u00f1adi\u00f3 que m\u00e1s de 90 mil personas fueron beneficiadas, lo que incluye familias de cuerpos de seguridad, con inversi\u00f3n estatal superior a 110 millones de pesos.<\/p>\n\n\n\n<p>El coordinador general del Programa de Obra Comunitaria, Edgar Chumacero Hern\u00e1ndez, destac\u00f3 que en el ejercicio anterior se ejecutaron 4 mil 192 proyectos en los 217 municipios con una inversi\u00f3n de mil 48 millones de pesos, mientras que para 2026 se incrementa a mil 500 millones. Se\u00f1al\u00f3 que el programa contempla 12 vertientes que atienden infraestructura b\u00e1sica, espacios comunitarios y desarrollo social.<\/p>\n\n\n\n<p>Finalmente, mediante enlaces en tiempo real con microrregiones de Puebla capital, la secretaria de Bienestar, Laura Artemisa Garc\u00eda Ch\u00e1vez, coordin\u00f3 la participaci\u00f3n de la delegada de la Microrregi\u00f3n 17, Natalia Su\u00e1rez del Real; del delegado de la Microrregi\u00f3n 20, Hugo Mu\u00f1oz Huey; y del delegado de la Microrregi\u00f3n 10, Gafid Gachup\u00edn Er\u00edas, quienes informaron avances del Programa de Obra Comunitaria.<\/p>\n\n\n\n<p>Detallaron acciones como la dignificaci\u00f3n de la barda en la primaria Defensores de la Rep\u00fablica con una inversi\u00f3n de 101 mil 849 pesos, la ejecuci\u00f3n de 309 acciones por 66 millones de pesos en la Microrregi\u00f3n 17 con 247 proyectos por m\u00e1s de 78.4 millones de pesos en la Microrregi\u00f3n 20, y 228 proyectos con inversi\u00f3n superior a 59 millones de pesos en la Microrregi\u00f3n 10, enfocados en infraestructura educativa, espacios deportivos y recuperaci\u00f3n de \u00e1reas comunitarias.<\/p>\n\n\n\n<p>Estas intervenciones evidencian la coordinaci\u00f3n territorial, el impacto directo en colonias como San Jos\u00e9 Los Cerritos y el fortalecimiento del tejido social mediante la participaci\u00f3n ciudadana, en congruencia con la pol\u00edtica de bienestar impulsada por la presidenta Claudia Sheinbaum, lo que reafirma el compromiso del Gobierno del Estado de escuchar y atender de manera cercana a las y los poblanos.<\/p>\n","protected":false},"excerpt":{"rendered":"<p>Con una inversi\u00f3n de mil 500 millones de pesos para 2026, el Gobierno del Estado consolida el Programa de Obra Comunitaria como un modelo de participaci\u00f3n directa que permite a la ciudadan\u00eda decidir, ejecutar y supervisar obras prioritarias en sus comunidades. El gobernador Alejandro Armenta Mier destac\u00f3 que este programa se construye a partir de [&hellip;]<\/p>\n","protected":false},"author":1,"featured_media":81911,"comment_status":"open","ping_status":"open","sticky":false,"template":"","format":"standard","meta":{"om_disable_all_campaigns":false,"_monsterinsights_skip_tracking":false,"_monsterinsights_sitenote_active":false,"_monsterinsights_sitenote_note":"","_monsterinsights_sitenote_category":0,"footnotes":""},"categories":[175],"tags":[239,195,223],"class_list":["post-81910","post","type-post","status-publish","format-standard","has-post-thumbnail","hentry","category-local","tag-gobierno","tag-principal","tag-puebla"],"amp_enabled":true,"_links":{"self":[{"href":"https:\/\/lahora.mx\/index.php\/wp-json\/wp\/v2\/posts\/81910","targetHints":{"allow":["GET"]}}],"collection":[{"href":"https:\/\/lahora.mx\/index.php\/wp-json\/wp\/v2\/posts"}],"about":[{"href":"https:\/\/lahora.mx\/index.php\/wp-json\/wp\/v2\/types\/post"}],"author":[{"embeddable":true,"href":"https:\/\/lahora.mx\/index.php\/wp-json\/wp\/v2\/users\/1"}],"replies":[{"embeddable":true,"href":"https:\/\/lahora.mx\/index.php\/wp-json\/wp\/v2\/comments?post=81910"}],"version-history":[{"count":1,"href":"https:\/\/lahora.mx\/index.php\/wp-json\/wp\/v2\/posts\/81910\/revisions"}],"predecessor-version":[{"id":81912,"href":"https:\/\/lahora.mx\/index.php\/wp-json\/wp\/v2\/posts\/81910\/revisions\/81912"}],"wp:featuredmedia":[{"embeddable":true,"href":"https:\/\/lahora.mx\/index.php\/wp-json\/wp\/v2\/media\/81911"}],"wp:attachment":[{"href":"https:\/\/lahora.mx\/index.php\/wp-json\/wp\/v2\/media?parent=81910"}],"wp:term":[{"taxonomy":"category","embeddable":true,"href":"https:\/\/lahora.mx\/index.php\/wp-json\/wp\/v2\/categories?post=81910"},{"taxonomy":"post_tag","embeddable":true,"href":"https:\/\/lahora.mx\/index.php\/wp-json\/wp\/v2\/tags?post=81910"}],"curies":[{"name":"wp","href":"https:\/\/api.w.org\/{rel}","templated":true}]}}