{"id":81904,"date":"2026-04-29T22:30:31","date_gmt":"2026-04-29T22:30:31","guid":{"rendered":"https:\/\/lahora.mx\/?p=81904"},"modified":"2026-04-29T22:30:31","modified_gmt":"2026-04-29T22:30:31","slug":"tregua-por-dia-de-la-victoria-en-la-guerra-rusia-ucrania","status":"publish","type":"post","link":"https:\/\/lahora.mx\/index.php\/2026\/04\/29\/tregua-por-dia-de-la-victoria-en-la-guerra-rusia-ucrania\/","title":{"rendered":"Tregua por \u00abD\u00eda de la Victoria\u00bb en la guerra Rusia &#8211; Ucrania"},"content":{"rendered":"\n<p>El presidente ruso, Vlad\u00edmir Putin, propuso un alto el fuego temporal en Ucrania para el 9 de mayo, fecha en la que Rusia conmemora el D\u00eda de la Victoria sobre la Alemania nazi, seg\u00fan inform\u00f3 el Kremlin.<\/p>\n\n\n\n<p>De acuerdo con la versi\u00f3n oficial rusa, Putin plante\u00f3 la tregua durante una conversaci\u00f3n telef\u00f3nica con Donald Trump, quien habr\u00eda apoyado la iniciativa de manera activa. El Kremlin se\u00f1al\u00f3 que la pausa cubrir\u00eda \u00fanicamente los d\u00edas de las celebraciones y que forma parte de una conversaci\u00f3n m\u00e1s amplia sobre el conflicto.<\/p>\n\n\n\n<p>El 9 de mayo es la festividad patri\u00f3tica m\u00e1s importante de Rusia y suele estar acompa\u00f1ada por un gran desfile militar en Mosc\u00fa. En a\u00f1os recientes, el Kremlin ha utilizado esa fecha para proyectar fuerza interna y respaldo internacional.<\/p>\n\n\n\n<p>La propuesta llega mientras contin\u00faan los combates y los ataques cruzados entre Rusia y Ucrania, en un frente que sigue sin se\u00f1ales claras de avance diplom\u00e1tico. Mosc\u00fa present\u00f3 la tregua como un gesto temporal ligado al calendario conmemorativo, no como una soluci\u00f3n de fondo al conflicto.<\/p>\n\n\n\n<p>Seg\u00fan el Kremlin, Washington respald\u00f3 la iniciativa, lo que podr\u00eda darle un peso adicional en eventuales negociaciones. La llamada entre ambos mandatarios tambi\u00e9n habr\u00eda incluido otros temas internacionales, como la guerra en Ir\u00e1n y la posibilidad de cooperaci\u00f3n sobre el uranio iran\u00ed.<\/p>\n\n\n\n<p>Por ahora, la propuesta rusa se interpreta como una tregua limitada y simb\u00f3lica m\u00e1s que como un alto el fuego integral. Su aceptaci\u00f3n por parte de Ucrania no fue mencionada en la informaci\u00f3n difundida por Mosc\u00fa.<\/p>\n\n\n\n<p><\/p>\n","protected":false},"excerpt":{"rendered":"<p>El presidente ruso, Vlad\u00edmir Putin, propuso un alto el fuego temporal en Ucrania para el 9 de mayo, fecha en la que Rusia conmemora el D\u00eda de la Victoria sobre la Alemania nazi, seg\u00fan inform\u00f3 el Kremlin. De acuerdo con la versi\u00f3n oficial rusa, Putin plante\u00f3 la tregua durante una conversaci\u00f3n telef\u00f3nica con Donald Trump, [&hellip;]<\/p>\n","protected":false},"author":1,"featured_media":81905,"comment_status":"open","ping_status":"open","sticky":false,"template":"","format":"standard","meta":{"om_disable_all_campaigns":false,"_monsterinsights_skip_tracking":false,"_monsterinsights_sitenote_active":false,"_monsterinsights_sitenote_note":"","_monsterinsights_sitenote_category":0,"footnotes":""},"categories":[183],"tags":[],"class_list":["post-81904","post","type-post","status-publish","format-standard","has-post-thumbnail","hentry","category-internacional"],"amp_enabled":true,"_links":{"self":[{"href":"https:\/\/lahora.mx\/index.php\/wp-json\/wp\/v2\/posts\/81904","targetHints":{"allow":["GET"]}}],"collection":[{"href":"https:\/\/lahora.mx\/index.php\/wp-json\/wp\/v2\/posts"}],"about":[{"href":"https:\/\/lahora.mx\/index.php\/wp-json\/wp\/v2\/types\/post"}],"author":[{"embeddable":true,"href":"https:\/\/lahora.mx\/index.php\/wp-json\/wp\/v2\/users\/1"}],"replies":[{"embeddable":true,"href":"https:\/\/lahora.mx\/index.php\/wp-json\/wp\/v2\/comments?post=81904"}],"version-history":[{"count":1,"href":"https:\/\/lahora.mx\/index.php\/wp-json\/wp\/v2\/posts\/81904\/revisions"}],"predecessor-version":[{"id":81906,"href":"https:\/\/lahora.mx\/index.php\/wp-json\/wp\/v2\/posts\/81904\/revisions\/81906"}],"wp:featuredmedia":[{"embeddable":true,"href":"https:\/\/lahora.mx\/index.php\/wp-json\/wp\/v2\/media\/81905"}],"wp:attachment":[{"href":"https:\/\/lahora.mx\/index.php\/wp-json\/wp\/v2\/media?parent=81904"}],"wp:term":[{"taxonomy":"category","embeddable":true,"href":"https:\/\/lahora.mx\/index.php\/wp-json\/wp\/v2\/categories?post=81904"},{"taxonomy":"post_tag","embeddable":true,"href":"https:\/\/lahora.mx\/index.php\/wp-json\/wp\/v2\/tags?post=81904"}],"curies":[{"name":"wp","href":"https:\/\/api.w.org\/{rel}","templated":true}]}}