{"id":81895,"date":"2026-04-29T18:37:51","date_gmt":"2026-04-29T18:37:51","guid":{"rendered":"https:\/\/lahora.mx\/?p=81895"},"modified":"2026-04-29T19:27:56","modified_gmt":"2026-04-29T19:27:56","slug":"cierran-escuela-en-huehuetlan-el-chico-por-falta-de-maestros","status":"publish","type":"post","link":"https:\/\/lahora.mx\/index.php\/2026\/04\/29\/cierran-escuela-en-huehuetlan-el-chico-por-falta-de-maestros\/","title":{"rendered":"Cierran escuela en Huehuetl\u00e1n el Chico por falta de maestros"},"content":{"rendered":"\n<p>Padres de familia de la escuela Secundaria Oficial Profesor Honorato Tlaseca Barrera del municipio de Huehuetl\u00e1n el Chico, tomaron y cerraron las instalaciones de este plantel educativo, declarando un paro indefinido ante la falta de docentes, que desde hace cuatro a\u00f1os no han podido resolver las autoridades educativas.<\/p>\n\n\n\n<p>Datos recabados se\u00f1alan que la escuela padece de personal docente que cubra 64 horas clase, hecho que afecta de la educaci\u00f3n de los estudiantes, desde hace cuatro a\u00f1os, que presentan esta problem\u00e1tica, y pese a diversas reuniones y cierres de la escuela la situaci\u00f3n no es resuelta.<br>Los padres de familia comentaron que la escuela se abrir\u00e1 hasta que las autoridades educativas den una soluci\u00f3n real.<\/p>\n\n\n\n<p>En septiembre de 2025, el Director de Nivel de Secundarias Generales de la SEP en Puebla, Antonioha Ezequiel Herrera Fern\u00e1ndez, se comprometi\u00f3 formalmente a asignar a los maestros faltantes, hecho que hasta el momento no ha sido cumplido, tambi\u00e9n Antonio Javana Garc\u00eda quien es delegado firm\u00f3 una minuta de acuerdos que ha quedado en el papel, ya que tampoco hizo algo, Diana Javier Garc\u00eda quien es Supervisora es se\u00f1alada por los padres de enga\u00f1arlos al firmar documentos y negarse a dar la cara ante el paro escolar.<\/p>\n\n\n\n<p>Los manifestantes, mencionaron en pancartas colocadas en el acceso principal de la escuela, \u201cno queremos maestros interinos\u201d, asimismo, piden la intervenci\u00f3n del Gobernador del Estado Alejandro Armenta y de la Secretaria de Educaci\u00f3n P\u00fablica SEP, para que env\u00eden maestros de base y no personal interino que solo cubra espacios de forma temporal.<\/p>\n\n\n\n<p>Finalmente, los padres de familia han dejado muy claro que la escuela se mantendr\u00e1 cerrada, hasta que se presenten soluciones reales, y no solo documentos firmados.<\/p>\n","protected":false},"excerpt":{"rendered":"<p>Padres de familia de la escuela Secundaria Oficial Profesor Honorato Tlaseca Barrera del municipio de Huehuetl\u00e1n el Chico, tomaron y cerraron las instalaciones de este plantel educativo, declarando un paro indefinido ante la falta de docentes, que desde hace cuatro a\u00f1os no han podido resolver las autoridades educativas. Datos recabados se\u00f1alan que la escuela padece [&hellip;]<\/p>\n","protected":false},"author":1,"featured_media":81896,"comment_status":"open","ping_status":"open","sticky":false,"template":"","format":"standard","meta":{"om_disable_all_campaigns":false,"_monsterinsights_skip_tracking":false,"_monsterinsights_sitenote_active":false,"_monsterinsights_sitenote_note":"","_monsterinsights_sitenote_category":0,"footnotes":""},"categories":[5],"tags":[],"class_list":["post-81895","post","type-post","status-publish","format-standard","has-post-thumbnail","hentry","category-politica"],"amp_enabled":true,"_links":{"self":[{"href":"https:\/\/lahora.mx\/index.php\/wp-json\/wp\/v2\/posts\/81895","targetHints":{"allow":["GET"]}}],"collection":[{"href":"https:\/\/lahora.mx\/index.php\/wp-json\/wp\/v2\/posts"}],"about":[{"href":"https:\/\/lahora.mx\/index.php\/wp-json\/wp\/v2\/types\/post"}],"author":[{"embeddable":true,"href":"https:\/\/lahora.mx\/index.php\/wp-json\/wp\/v2\/users\/1"}],"replies":[{"embeddable":true,"href":"https:\/\/lahora.mx\/index.php\/wp-json\/wp\/v2\/comments?post=81895"}],"version-history":[{"count":1,"href":"https:\/\/lahora.mx\/index.php\/wp-json\/wp\/v2\/posts\/81895\/revisions"}],"predecessor-version":[{"id":81897,"href":"https:\/\/lahora.mx\/index.php\/wp-json\/wp\/v2\/posts\/81895\/revisions\/81897"}],"wp:featuredmedia":[{"embeddable":true,"href":"https:\/\/lahora.mx\/index.php\/wp-json\/wp\/v2\/media\/81896"}],"wp:attachment":[{"href":"https:\/\/lahora.mx\/index.php\/wp-json\/wp\/v2\/media?parent=81895"}],"wp:term":[{"taxonomy":"category","embeddable":true,"href":"https:\/\/lahora.mx\/index.php\/wp-json\/wp\/v2\/categories?post=81895"},{"taxonomy":"post_tag","embeddable":true,"href":"https:\/\/lahora.mx\/index.php\/wp-json\/wp\/v2\/tags?post=81895"}],"curies":[{"name":"wp","href":"https:\/\/api.w.org\/{rel}","templated":true}]}}