{"id":81892,"date":"2026-04-29T17:41:04","date_gmt":"2026-04-29T17:41:04","guid":{"rendered":"https:\/\/lahora.mx\/?p=81892"},"modified":"2026-04-29T17:41:05","modified_gmt":"2026-04-29T17:41:05","slug":"asesinan-a-el-grillo-a-balazos-en-atencingo","status":"publish","type":"post","link":"https:\/\/lahora.mx\/index.php\/2026\/04\/29\/asesinan-a-el-grillo-a-balazos-en-atencingo\/","title":{"rendered":"Asesinan a \u00abEl Grillo\u00bb a balazos en Atencingo"},"content":{"rendered":"\n<p>Un ataque armado cobr\u00f3 la vida de Luis N., de 42 a\u00f1os, conocido como \u00abEl Grillo\u00bb, la noche de este martes en la junta auxiliar de Atencingo, perteneciente al municipio de Chietla.<\/p>\n\n\n\n<p>De acuerdo con los primeros reportes, los hechos ocurrieron alrededor de las 19:30 horas sobre la carretera principal, en la entrada a la colonia Obrera, en los l\u00edmites con la colonia Gustavo D\u00edaz Ordaz.<\/p>\n\n\n\n<p>Testigos se\u00f1alaron que la v\u00edctima se encontraba frente al \u00e1rea de estacionamiento de la CNPR cuando sujetos armados le dispararon en repetidas ocasiones.<\/p>\n\n\n\n<p>Versiones extraoficiales indican que se realizaron al menos siete disparos, varios de ellos dirigidos al rostro, lo que provoc\u00f3 que el hombre muriera en el lugar de forma casi inmediata.<\/p>\n\n\n\n<p><\/p>\n\n\n\n<p>Se inform\u00f3 que Luis N. se dirig\u00eda al centro de la comunidad, presuntamente para acudir al rezo de un familiar, cuando fue interceptado por sus agresores.<\/p>\n\n\n\n<p>Tambi\u00e9n trascendi\u00f3 que rentaba un domicilio en la zona de los andadores 5 y 6, donde viv\u00eda con su madre.<\/p>\n\n\n\n<p>Tras el ataque, elementos de la Polic\u00eda Municipal y Estatal acudieron al sitio, acordonaron el \u00e1rea y preservaron indicios. La movilizaci\u00f3n gener\u00f3 el cierre parcial de la vialidad.<\/p>\n\n\n\n<p>Peritos de la Fiscal\u00eda General del Estado realizaron las diligencias correspondientes y el levantamiento del cuerpo. Hasta el momento no se reportan personas detenidas.<\/p>\n","protected":false},"excerpt":{"rendered":"<p>Un ataque armado cobr\u00f3 la vida de Luis N., de 42 a\u00f1os, conocido como \u00abEl Grillo\u00bb, la noche de este martes en la junta auxiliar de Atencingo, perteneciente al municipio de Chietla. De acuerdo con los primeros reportes, los hechos ocurrieron alrededor de las 19:30 horas sobre la carretera principal, en la entrada a la [&hellip;]<\/p>\n","protected":false},"author":1,"featured_media":81893,"comment_status":"open","ping_status":"open","sticky":false,"template":"","format":"standard","meta":{"om_disable_all_campaigns":false,"_monsterinsights_skip_tracking":false,"_monsterinsights_sitenote_active":false,"_monsterinsights_sitenote_note":"","_monsterinsights_sitenote_category":0,"footnotes":""},"categories":[226],"tags":[],"class_list":["post-81892","post","type-post","status-publish","format-standard","has-post-thumbnail","hentry","category-policia"],"amp_enabled":true,"_links":{"self":[{"href":"https:\/\/lahora.mx\/index.php\/wp-json\/wp\/v2\/posts\/81892","targetHints":{"allow":["GET"]}}],"collection":[{"href":"https:\/\/lahora.mx\/index.php\/wp-json\/wp\/v2\/posts"}],"about":[{"href":"https:\/\/lahora.mx\/index.php\/wp-json\/wp\/v2\/types\/post"}],"author":[{"embeddable":true,"href":"https:\/\/lahora.mx\/index.php\/wp-json\/wp\/v2\/users\/1"}],"replies":[{"embeddable":true,"href":"https:\/\/lahora.mx\/index.php\/wp-json\/wp\/v2\/comments?post=81892"}],"version-history":[{"count":1,"href":"https:\/\/lahora.mx\/index.php\/wp-json\/wp\/v2\/posts\/81892\/revisions"}],"predecessor-version":[{"id":81894,"href":"https:\/\/lahora.mx\/index.php\/wp-json\/wp\/v2\/posts\/81892\/revisions\/81894"}],"wp:featuredmedia":[{"embeddable":true,"href":"https:\/\/lahora.mx\/index.php\/wp-json\/wp\/v2\/media\/81893"}],"wp:attachment":[{"href":"https:\/\/lahora.mx\/index.php\/wp-json\/wp\/v2\/media?parent=81892"}],"wp:term":[{"taxonomy":"category","embeddable":true,"href":"https:\/\/lahora.mx\/index.php\/wp-json\/wp\/v2\/categories?post=81892"},{"taxonomy":"post_tag","embeddable":true,"href":"https:\/\/lahora.mx\/index.php\/wp-json\/wp\/v2\/tags?post=81892"}],"curies":[{"name":"wp","href":"https:\/\/api.w.org\/{rel}","templated":true}]}}