{"id":81883,"date":"2026-04-29T17:00:40","date_gmt":"2026-04-29T17:00:40","guid":{"rendered":"https:\/\/lahora.mx\/?p=81883"},"modified":"2026-04-29T17:00:41","modified_gmt":"2026-04-29T17:00:41","slug":"confirma-armenta-que-abraham-quiroz-sera-titular-de-la-secretaria-anticorrupcion-y-buen-gobierno","status":"publish","type":"post","link":"https:\/\/lahora.mx\/index.php\/2026\/04\/29\/confirma-armenta-que-abraham-quiroz-sera-titular-de-la-secretaria-anticorrupcion-y-buen-gobierno\/","title":{"rendered":"Confirma Armenta que Abraham Quiroz ser\u00e1 titular de la Secretar\u00eda Anticorrupci\u00f3n y Buen Gobierno"},"content":{"rendered":"\n<p>El gobernador del estado de Puebla, Alejandro Armenta Mier; tiene considerado realizar m\u00e1s ajustes en su Gabinete, por lo que ahora ser\u00eda en la Secretar\u00eda de Anticorrupci\u00f3n y Buen Gobierno.<\/p>\n\n\n\n<p>Lo anterior fue confirmado en la ma\u00f1anera de este mi\u00e9rcoles 29 de abril, donde detall\u00f3 que un movimiento que realizar\u00e1 ser\u00e1 ascender a Abraham Quiroz Palacio como secretario, quien actualmente se desempe\u00f1a como subsecretario de Responsabilidades de la Secretar\u00eda de Anticorrupci\u00f3n y Buen Gobierno.<br>El Mandatario estatal destac\u00f3 que Abraham Quiroz es soci\u00f3logo, por lo que prometi\u00f3 que muy pronto el maestro se convertir\u00e1 en secretario.<\/p>\n\n\n\n<p>\u201cAhora en los ajustes que haremos del Gabinete, ya le ech\u00e9 el ojo para que sea mi secretario, porque se lo merece, porque es un gran hombre, fundador de Morena de la Cuarta Transformaci\u00f3n\u201d, declar\u00f3 Alejandro Armenta.<\/p>\n\n\n\n<p>Agreg\u00f3 que en puerta tiene varias obras comunitarias en la entidad poblana.<\/p>\n","protected":false},"excerpt":{"rendered":"<p>El gobernador del estado de Puebla, Alejandro Armenta Mier; tiene considerado realizar m\u00e1s ajustes en su Gabinete, por lo que ahora ser\u00eda en la Secretar\u00eda de Anticorrupci\u00f3n y Buen Gobierno. Lo anterior fue confirmado en la ma\u00f1anera de este mi\u00e9rcoles 29 de abril, donde detall\u00f3 que un movimiento que realizar\u00e1 ser\u00e1 ascender a Abraham Quiroz [&hellip;]<\/p>\n","protected":false},"author":1,"featured_media":81884,"comment_status":"open","ping_status":"open","sticky":false,"template":"","format":"standard","meta":{"om_disable_all_campaigns":false,"_monsterinsights_skip_tracking":false,"_monsterinsights_sitenote_active":false,"_monsterinsights_sitenote_note":"","_monsterinsights_sitenote_category":0,"footnotes":""},"categories":[175],"tags":[239,223],"class_list":["post-81883","post","type-post","status-publish","format-standard","has-post-thumbnail","hentry","category-local","tag-gobierno","tag-puebla"],"amp_enabled":true,"_links":{"self":[{"href":"https:\/\/lahora.mx\/index.php\/wp-json\/wp\/v2\/posts\/81883","targetHints":{"allow":["GET"]}}],"collection":[{"href":"https:\/\/lahora.mx\/index.php\/wp-json\/wp\/v2\/posts"}],"about":[{"href":"https:\/\/lahora.mx\/index.php\/wp-json\/wp\/v2\/types\/post"}],"author":[{"embeddable":true,"href":"https:\/\/lahora.mx\/index.php\/wp-json\/wp\/v2\/users\/1"}],"replies":[{"embeddable":true,"href":"https:\/\/lahora.mx\/index.php\/wp-json\/wp\/v2\/comments?post=81883"}],"version-history":[{"count":1,"href":"https:\/\/lahora.mx\/index.php\/wp-json\/wp\/v2\/posts\/81883\/revisions"}],"predecessor-version":[{"id":81885,"href":"https:\/\/lahora.mx\/index.php\/wp-json\/wp\/v2\/posts\/81883\/revisions\/81885"}],"wp:featuredmedia":[{"embeddable":true,"href":"https:\/\/lahora.mx\/index.php\/wp-json\/wp\/v2\/media\/81884"}],"wp:attachment":[{"href":"https:\/\/lahora.mx\/index.php\/wp-json\/wp\/v2\/media?parent=81883"}],"wp:term":[{"taxonomy":"category","embeddable":true,"href":"https:\/\/lahora.mx\/index.php\/wp-json\/wp\/v2\/categories?post=81883"},{"taxonomy":"post_tag","embeddable":true,"href":"https:\/\/lahora.mx\/index.php\/wp-json\/wp\/v2\/tags?post=81883"}],"curies":[{"name":"wp","href":"https:\/\/api.w.org\/{rel}","templated":true}]}}