{"id":81880,"date":"2026-04-29T16:36:34","date_gmt":"2026-04-29T16:36:34","guid":{"rendered":"https:\/\/lahora.mx\/?p=81880"},"modified":"2026-04-29T16:36:35","modified_gmt":"2026-04-29T16:36:35","slug":"disminuye-pobreza-y-mejoran-cinco-de-seis-carencias-sociales-en-puebla","status":"publish","type":"post","link":"https:\/\/lahora.mx\/index.php\/2026\/04\/29\/disminuye-pobreza-y-mejoran-cinco-de-seis-carencias-sociales-en-puebla\/","title":{"rendered":"Disminuye pobreza y mejoran cinco de seis carencias sociales en Puebla"},"content":{"rendered":"\n<p>En Puebla, cinco de las seis carencias sociales han mostrado una tendencia a la baja, con avances en rubros como salud, seguridad social, vivienda y alimentaci\u00f3n, inform\u00f3 la secretaria de Bienestar, Laura Artemisa Garc\u00eda.<\/p>\n\n\n\n<p>De acuerdo con datos de la Secretar\u00eda de Bienestar federal, el estado ha registrado una reducci\u00f3n sostenida en los niveles de pobreza en los \u00faltimos a\u00f1os. En 2023, el 63.4 por ciento de la poblaci\u00f3n se encontraba en esta condici\u00f3n; para 2026, la cifra se ubica en 43.4 por ciento, lo que representa una disminuci\u00f3n de 20 puntos porcentuales.<br>La funcionaria destac\u00f3 que este avance cobra mayor relevancia ante el crecimiento poblacional de la entidad y la presi\u00f3n que esto implica sobre los servicios y programas sociales, lo que no ha impedido mejorar las condiciones de vida de la poblaci\u00f3n.<\/p>\n\n\n\n<p>En cuanto a las carencias sociales, precis\u00f3 que cinco de seis indicadores han disminuido, particularmente en el acceso a servicios de salud, seguridad social, calidad y espacios de la vivienda, servicios b\u00e1sicos y alimentaci\u00f3n nutritiva. Estos resultados reflejan un avance en el acceso a derechos fundamentales y una reducci\u00f3n de las desigualdades en la entidad.<\/p>\n\n\n\n<p>Por otro lado, el rezago educativo registr\u00f3 un incremento marginal de 0.8 por ciento, situaci\u00f3n que, si bien requiere atenci\u00f3n, no modifica la tendencia general de mejora en el estado.<\/p>\n\n\n\n<p>La secretaria subray\u00f3 que estos resultados responden al trabajo coordinado entre el gobierno federal y estatal, encabezado por el gobernador Alejandro Armenta, con el objetivo de fortalecer el bienestar de las familias poblanas.<\/p>\n","protected":false},"excerpt":{"rendered":"<p>En Puebla, cinco de las seis carencias sociales han mostrado una tendencia a la baja, con avances en rubros como salud, seguridad social, vivienda y alimentaci\u00f3n, inform\u00f3 la secretaria de Bienestar, Laura Artemisa Garc\u00eda. De acuerdo con datos de la Secretar\u00eda de Bienestar federal, el estado ha registrado una reducci\u00f3n sostenida en los niveles de [&hellip;]<\/p>\n","protected":false},"author":1,"featured_media":81881,"comment_status":"open","ping_status":"open","sticky":false,"template":"","format":"standard","meta":{"om_disable_all_campaigns":false,"_monsterinsights_skip_tracking":false,"_monsterinsights_sitenote_active":false,"_monsterinsights_sitenote_note":"","_monsterinsights_sitenote_category":0,"footnotes":""},"categories":[175],"tags":[195,223],"class_list":["post-81880","post","type-post","status-publish","format-standard","has-post-thumbnail","hentry","category-local","tag-principal","tag-puebla"],"amp_enabled":true,"_links":{"self":[{"href":"https:\/\/lahora.mx\/index.php\/wp-json\/wp\/v2\/posts\/81880","targetHints":{"allow":["GET"]}}],"collection":[{"href":"https:\/\/lahora.mx\/index.php\/wp-json\/wp\/v2\/posts"}],"about":[{"href":"https:\/\/lahora.mx\/index.php\/wp-json\/wp\/v2\/types\/post"}],"author":[{"embeddable":true,"href":"https:\/\/lahora.mx\/index.php\/wp-json\/wp\/v2\/users\/1"}],"replies":[{"embeddable":true,"href":"https:\/\/lahora.mx\/index.php\/wp-json\/wp\/v2\/comments?post=81880"}],"version-history":[{"count":1,"href":"https:\/\/lahora.mx\/index.php\/wp-json\/wp\/v2\/posts\/81880\/revisions"}],"predecessor-version":[{"id":81882,"href":"https:\/\/lahora.mx\/index.php\/wp-json\/wp\/v2\/posts\/81880\/revisions\/81882"}],"wp:featuredmedia":[{"embeddable":true,"href":"https:\/\/lahora.mx\/index.php\/wp-json\/wp\/v2\/media\/81881"}],"wp:attachment":[{"href":"https:\/\/lahora.mx\/index.php\/wp-json\/wp\/v2\/media?parent=81880"}],"wp:term":[{"taxonomy":"category","embeddable":true,"href":"https:\/\/lahora.mx\/index.php\/wp-json\/wp\/v2\/categories?post=81880"},{"taxonomy":"post_tag","embeddable":true,"href":"https:\/\/lahora.mx\/index.php\/wp-json\/wp\/v2\/tags?post=81880"}],"curies":[{"name":"wp","href":"https:\/\/api.w.org\/{rel}","templated":true}]}}