{"id":81877,"date":"2026-04-29T16:30:36","date_gmt":"2026-04-29T16:30:36","guid":{"rendered":"https:\/\/lahora.mx\/?p=81877"},"modified":"2026-04-29T16:30:36","modified_gmt":"2026-04-29T16:30:36","slug":"buscan-a-elemento-de-la-guardia-nacional-que-se-perdio-tras-salir-de-izucar","status":"publish","type":"post","link":"https:\/\/lahora.mx\/index.php\/2026\/04\/29\/buscan-a-elemento-de-la-guardia-nacional-que-se-perdio-tras-salir-de-izucar\/","title":{"rendered":"Buscan a elemento de la Guardia Nacional que se perdi\u00f3 tras salir de Iz\u00facar"},"content":{"rendered":"\n<p>Familiares y amigos realizan la b\u00fasqueda de Andr\u00e9s G\u00f3mez Mora, de 22 a\u00f1os de edad, quien es elemento activo de la Guardia Nacional, y que desapareciera tras salir del municipio de Iz\u00facar de Matamoros con destino al Estado de M\u00e9xico, sin que hasta el momento se tenga informaci\u00f3n sobre su paradero.<\/p>\n\n\n\n<p>Datos recabados indican que Andr\u00e9s G\u00f3mez Mora, lleg\u00f3 a Iz\u00facar el pasado 9 de enero para visitar a su familia, sin embargo, el 12 de enero les notific\u00f3 que viajar\u00eda al Estado de M\u00e9xico para ver a otra persona, por ello el masculino abord\u00f3 un autob\u00fas, pero desde ese d\u00eda se perdi\u00f3 completamente la comunicaci\u00f3n y ya no respondi\u00f3 llamadas, ni mensajes.<\/p>\n","protected":false},"excerpt":{"rendered":"<p>Familiares y amigos realizan la b\u00fasqueda de Andr\u00e9s G\u00f3mez Mora, de 22 a\u00f1os de edad, quien es elemento activo de la Guardia Nacional, y que desapareciera tras salir del municipio de Iz\u00facar de Matamoros con destino al Estado de M\u00e9xico, sin que hasta el momento se tenga informaci\u00f3n sobre su paradero. Datos recabados indican que [&hellip;]<\/p>\n","protected":false},"author":1,"featured_media":81878,"comment_status":"open","ping_status":"open","sticky":false,"template":"","format":"standard","meta":{"om_disable_all_campaigns":false,"_monsterinsights_skip_tracking":false,"_monsterinsights_sitenote_active":false,"_monsterinsights_sitenote_note":"","_monsterinsights_sitenote_category":0,"footnotes":""},"categories":[175],"tags":[223],"class_list":["post-81877","post","type-post","status-publish","format-standard","has-post-thumbnail","hentry","category-local","tag-puebla"],"amp_enabled":true,"_links":{"self":[{"href":"https:\/\/lahora.mx\/index.php\/wp-json\/wp\/v2\/posts\/81877","targetHints":{"allow":["GET"]}}],"collection":[{"href":"https:\/\/lahora.mx\/index.php\/wp-json\/wp\/v2\/posts"}],"about":[{"href":"https:\/\/lahora.mx\/index.php\/wp-json\/wp\/v2\/types\/post"}],"author":[{"embeddable":true,"href":"https:\/\/lahora.mx\/index.php\/wp-json\/wp\/v2\/users\/1"}],"replies":[{"embeddable":true,"href":"https:\/\/lahora.mx\/index.php\/wp-json\/wp\/v2\/comments?post=81877"}],"version-history":[{"count":1,"href":"https:\/\/lahora.mx\/index.php\/wp-json\/wp\/v2\/posts\/81877\/revisions"}],"predecessor-version":[{"id":81879,"href":"https:\/\/lahora.mx\/index.php\/wp-json\/wp\/v2\/posts\/81877\/revisions\/81879"}],"wp:featuredmedia":[{"embeddable":true,"href":"https:\/\/lahora.mx\/index.php\/wp-json\/wp\/v2\/media\/81878"}],"wp:attachment":[{"href":"https:\/\/lahora.mx\/index.php\/wp-json\/wp\/v2\/media?parent=81877"}],"wp:term":[{"taxonomy":"category","embeddable":true,"href":"https:\/\/lahora.mx\/index.php\/wp-json\/wp\/v2\/categories?post=81877"},{"taxonomy":"post_tag","embeddable":true,"href":"https:\/\/lahora.mx\/index.php\/wp-json\/wp\/v2\/tags?post=81877"}],"curies":[{"name":"wp","href":"https:\/\/api.w.org\/{rel}","templated":true}]}}