{"id":81872,"date":"2026-04-29T13:18:58","date_gmt":"2026-04-29T13:18:58","guid":{"rendered":"https:\/\/lahora.mx\/?p=81872"},"modified":"2026-04-29T13:29:54","modified_gmt":"2026-04-29T13:29:54","slug":"bloquean-la-autopista-mexico-puebla-por-presunto-secuestro-de-una-joven","status":"publish","type":"post","link":"https:\/\/lahora.mx\/index.php\/2026\/04\/29\/bloquean-la-autopista-mexico-puebla-por-presunto-secuestro-de-una-joven\/","title":{"rendered":"Bloquean la autopista M\u00e9xico-Puebla por presunto secuestro de una joven"},"content":{"rendered":"\n<p>Un grupo de pobladores de San Rafael Tlanalapan bloquearon la&nbsp;<strong>autopista M\u00e9xico-Puebla a la altura de&nbsp;<a href=\"https:\/\/oem.com.mx\/elsoldepuebla\/local\/pobladores-de-el-moral-intentan-linchar-a-hombre-por-presunto-robo-de-cruces-en-panteon-de-texmelucan-29625570\" target=\"_blank\" rel=\"noreferrer noopener\">San Mart\u00edn Texmelucan<\/a>,&nbsp;<\/strong>en los primeros minutos de este mi\u00e9rcoles,&nbsp;<strong>en protesta por la no localizaci\u00f3n de una joven&nbsp;<\/strong>de nombre&nbsp;<strong>Jimena, de 25 a\u00f1os de edad.<\/strong><\/p>\n\n\n\n<p>A las 23:00 horas,&nbsp;<strong>motociclistas y pobladores colocaron piedras y sus propias unidades para impedir el paso en ambos sentidos&nbsp;<\/strong>de la carretera estatal que conecta San Mart\u00edn Texmelucan con San Salvador El Verde, a la altura del fraccionamiento San Jos\u00e9, lo que gener\u00f3 afectaciones a la circulaci\u00f3n en esta importante v\u00eda regional, pero una hora despu\u00e9s cerraron la M\u00e9xico-Puebla.<\/p>\n\n\n\n<figure class=\"wp-block-embed is-type-rich is-provider-twitter wp-block-embed-twitter\"><div class=\"wp-block-embed__wrapper\">\n<blockquote class=\"twitter-tweet\" data-width=\"550\" data-dnt=\"true\"><p lang=\"es\" dir=\"ltr\">Est\u00e1 cerrada la autopista M\u00e9xico-Puebla, a la altura del municipio de San Mart\u00edn Texmelucan, por pobladores que exigen la aparici\u00f3n de Jimena P\u00e9rez.<br><br>La joven presuntamente fue privada de la libertad durante un asalto en el que fue despojada de su motocicleta, en la comunidad de\u2026 <a href=\"https:\/\/t.co\/cou2vrRGQK\">pic.twitter.com\/cou2vrRGQK<\/a><\/p>&mdash; La Hora (@LaHoraMX) <a href=\"https:\/\/twitter.com\/LaHoraMX\/status\/2049469103023194162?ref_src=twsrc%5Etfw\">April 29, 2026<\/a><\/blockquote><script async src=\"https:\/\/platform.twitter.com\/widgets.js\" charset=\"utf-8\"><\/script>\n<\/div><\/figure>\n\n\n\n<p>La movilizaci\u00f3n se origin\u00f3 tras la&nbsp;<strong>presunta privaci\u00f3n de la libertad de una joven identificada como Jimena, de 25 a\u00f1os, ocurrida en la comunidad de San Rafael Tlanalapan<\/strong>, espec\u00edficamente en el paraje conocido como&nbsp;<strong>Las Joyas,&nbsp;<\/strong>en el municipio de&nbsp;<strong>San Mart\u00edn Texmelucan<\/strong>.<\/p>\n\n\n\n<p>Se sabe que&nbsp;<strong>la mujer se dirig\u00eda a visitar a sus familiares cuando fue interceptada por varios sujetos&nbsp;<\/strong>a bordo de una motocicleta, quienes presuntamente se la llevaron por la fuerza.<\/p>\n\n\n\n<p>Tras el reporte, las autoridades policiales se coordinaron para implementar un operativo con el&nbsp;<strong>apoyo de la Polic\u00eda Estatal.<\/strong><\/p>\n","protected":false},"excerpt":{"rendered":"<p>Un grupo de pobladores de San Rafael Tlanalapan bloquearon la&nbsp;autopista M\u00e9xico-Puebla a la altura de&nbsp;San Mart\u00edn Texmelucan,&nbsp;en los primeros minutos de este mi\u00e9rcoles,&nbsp;en protesta por la no localizaci\u00f3n de una joven&nbsp;de nombre&nbsp;Jimena, de 25 a\u00f1os de edad. A las 23:00 horas,&nbsp;motociclistas y pobladores colocaron piedras y sus propias unidades para impedir el paso en ambos [&hellip;]<\/p>\n","protected":false},"author":1,"featured_media":81876,"comment_status":"open","ping_status":"open","sticky":false,"template":"","format":"standard","meta":{"om_disable_all_campaigns":false,"_monsterinsights_skip_tracking":false,"_monsterinsights_sitenote_active":false,"_monsterinsights_sitenote_note":"","_monsterinsights_sitenote_category":0,"footnotes":""},"categories":[175],"tags":[195,223],"class_list":["post-81872","post","type-post","status-publish","format-standard","has-post-thumbnail","hentry","category-local","tag-principal","tag-puebla"],"amp_enabled":true,"_links":{"self":[{"href":"https:\/\/lahora.mx\/index.php\/wp-json\/wp\/v2\/posts\/81872","targetHints":{"allow":["GET"]}}],"collection":[{"href":"https:\/\/lahora.mx\/index.php\/wp-json\/wp\/v2\/posts"}],"about":[{"href":"https:\/\/lahora.mx\/index.php\/wp-json\/wp\/v2\/types\/post"}],"author":[{"embeddable":true,"href":"https:\/\/lahora.mx\/index.php\/wp-json\/wp\/v2\/users\/1"}],"replies":[{"embeddable":true,"href":"https:\/\/lahora.mx\/index.php\/wp-json\/wp\/v2\/comments?post=81872"}],"version-history":[{"count":2,"href":"https:\/\/lahora.mx\/index.php\/wp-json\/wp\/v2\/posts\/81872\/revisions"}],"predecessor-version":[{"id":81875,"href":"https:\/\/lahora.mx\/index.php\/wp-json\/wp\/v2\/posts\/81872\/revisions\/81875"}],"wp:featuredmedia":[{"embeddable":true,"href":"https:\/\/lahora.mx\/index.php\/wp-json\/wp\/v2\/media\/81876"}],"wp:attachment":[{"href":"https:\/\/lahora.mx\/index.php\/wp-json\/wp\/v2\/media?parent=81872"}],"wp:term":[{"taxonomy":"category","embeddable":true,"href":"https:\/\/lahora.mx\/index.php\/wp-json\/wp\/v2\/categories?post=81872"},{"taxonomy":"post_tag","embeddable":true,"href":"https:\/\/lahora.mx\/index.php\/wp-json\/wp\/v2\/tags?post=81872"}],"curies":[{"name":"wp","href":"https:\/\/api.w.org\/{rel}","templated":true}]}}