{"id":81868,"date":"2026-04-29T03:14:18","date_gmt":"2026-04-29T03:14:18","guid":{"rendered":"https:\/\/lahora.mx\/?p=81868"},"modified":"2026-04-29T03:15:26","modified_gmt":"2026-04-29T03:15:26","slug":"sheimbaum-nombra-a-leticia-ramirez-como-nueva-coordinadora-del-programa-para-el-bienestar","status":"publish","type":"post","link":"https:\/\/lahora.mx\/index.php\/2026\/04\/29\/sheimbaum-nombra-a-leticia-ramirez-como-nueva-coordinadora-del-programa-para-el-bienestar\/","title":{"rendered":"Sheimbaum nombra a Let\u00edcia Ramirez como nueva coordinadora del Programa para el Bienestar"},"content":{"rendered":"\n<p>Tras una reuni\u00f3n con los coordinadores y comisionados del Programa para el Bienestar la presidenta del pa\u00eds Claudia Sheimbaun informa la salida de Ariadna Montiel del programa, agradeciendo su partici\u00f3n y servicio para el bien del pueblo mexicano.<br><br>As\u00ed mismo nombr\u00f3 a Let\u00edcia Ramirez quien ser\u00eda la nueva secretaria del programa par el Bienestar quien ahora estar\u00e1 coordinando las operaciones del programa en el pa\u00eds, se\u00f1alando la continuidad de los apoyos para el bien de las y los mexicanos. <br><br>Cabe mencionar que el Programa de el Bienestar son una serie de pol\u00edticas p\u00fablicas y apoyos econ\u00f3micos implementados por el Gobierno Federal de M\u00e9xico (iniciados en la administraci\u00f3n 2018-2024 y continuados en la actual) destinados a mejorar las condiciones de vida de la poblaci\u00f3n, priorizando a los sectores de menores recursos, adultos mayores, personas con discapacidad y estudiantes, que actualmente han beneficiados a miles de mexicanos siendo uno de los pilares para la esperanza de sus simpatizantes en el pa\u00eds<\/p>\n","protected":false},"excerpt":{"rendered":"<p>Tras una reuni\u00f3n con los coordinadores y comisionados del Programa para el Bienestar la presidenta del pa\u00eds Claudia Sheimbaun informa la salida de Ariadna Montiel del programa, agradeciendo su partici\u00f3n y servicio para el bien del pueblo mexicano. As\u00ed mismo nombr\u00f3 a Let\u00edcia Ramirez quien ser\u00eda la nueva secretaria del programa par el Bienestar quien [&hellip;]<\/p>\n","protected":false},"author":1,"featured_media":81869,"comment_status":"open","ping_status":"open","sticky":false,"template":"","format":"standard","meta":{"om_disable_all_campaigns":false,"_monsterinsights_skip_tracking":false,"_monsterinsights_sitenote_active":false,"_monsterinsights_sitenote_note":"","_monsterinsights_sitenote_category":0,"footnotes":""},"categories":[176],"tags":[],"class_list":["post-81868","post","type-post","status-publish","format-standard","has-post-thumbnail","hentry","category-nacional"],"amp_enabled":true,"_links":{"self":[{"href":"https:\/\/lahora.mx\/index.php\/wp-json\/wp\/v2\/posts\/81868","targetHints":{"allow":["GET"]}}],"collection":[{"href":"https:\/\/lahora.mx\/index.php\/wp-json\/wp\/v2\/posts"}],"about":[{"href":"https:\/\/lahora.mx\/index.php\/wp-json\/wp\/v2\/types\/post"}],"author":[{"embeddable":true,"href":"https:\/\/lahora.mx\/index.php\/wp-json\/wp\/v2\/users\/1"}],"replies":[{"embeddable":true,"href":"https:\/\/lahora.mx\/index.php\/wp-json\/wp\/v2\/comments?post=81868"}],"version-history":[{"count":2,"href":"https:\/\/lahora.mx\/index.php\/wp-json\/wp\/v2\/posts\/81868\/revisions"}],"predecessor-version":[{"id":81871,"href":"https:\/\/lahora.mx\/index.php\/wp-json\/wp\/v2\/posts\/81868\/revisions\/81871"}],"wp:featuredmedia":[{"embeddable":true,"href":"https:\/\/lahora.mx\/index.php\/wp-json\/wp\/v2\/media\/81869"}],"wp:attachment":[{"href":"https:\/\/lahora.mx\/index.php\/wp-json\/wp\/v2\/media?parent=81868"}],"wp:term":[{"taxonomy":"category","embeddable":true,"href":"https:\/\/lahora.mx\/index.php\/wp-json\/wp\/v2\/categories?post=81868"},{"taxonomy":"post_tag","embeddable":true,"href":"https:\/\/lahora.mx\/index.php\/wp-json\/wp\/v2\/tags?post=81868"}],"curies":[{"name":"wp","href":"https:\/\/api.w.org\/{rel}","templated":true}]}}