{"id":8186,"date":"2022-06-14T23:07:33","date_gmt":"2022-06-14T23:07:33","guid":{"rendered":"http:\/\/lahora.mx\/?p=8186"},"modified":"2022-06-14T23:07:34","modified_gmt":"2022-06-14T23:07:34","slug":"se-desmiente-traslado-de-javier-n-al-penal-de-tepexi-de-rodriguez","status":"publish","type":"post","link":"https:\/\/lahora.mx\/index.php\/2022\/06\/14\/se-desmiente-traslado-de-javier-n-al-penal-de-tepexi-de-rodriguez\/","title":{"rendered":"Se desmiente traslado de Javier \u00abN\u00bb al penal de Tepexi de Rodr\u00edguez"},"content":{"rendered":"\n<p>Nadie se llev\u00f3 a Javier \u00abN\u00bb al Cereso de Tepexi, dej\u00f3 en claro el gobernador Miguel Barbosa Huerta.<\/p>\n\n\n\n<p>Se\u00f1al\u00f3 que luego de que diversa informaci\u00f3n en este sentido sali\u00f3 a la luz, provoc\u00f3 que el exfuncionario estatal marinista promoviera un amparo.<\/p>\n\n\n\n<p>\u00abZavala no est\u00e1 en Tepexi hasta donde estoy enterado, no es as\u00ed, ped\u00ed informaci\u00f3n y fue lo que me dijeron\u00bb.<\/p>\n\n\n\n<p>Cabe se\u00f1alar que el fin de semana Javier \u00abN\u00bb, Santiago \u00abN\u00bb y Jair \u00abN\u00bb fueron vinculados a proceso por el feminicidio de Cecilia Monz\u00f3n el pasado 21 de mayo en Momoxpan.<\/p>\n","protected":false},"excerpt":{"rendered":"<p>Nadie se llev\u00f3 a Javier \u00abN\u00bb al Cereso de Tepexi, dej\u00f3 en claro el gobernador Miguel Barbosa Huerta. Se\u00f1al\u00f3 que luego de que diversa informaci\u00f3n en este sentido sali\u00f3 a la luz, provoc\u00f3 que el exfuncionario estatal marinista promoviera un amparo. \u00abZavala no est\u00e1 en Tepexi hasta donde estoy enterado, no es as\u00ed, ped\u00ed informaci\u00f3n [&hellip;]<\/p>\n","protected":false},"author":4,"featured_media":8187,"comment_status":"open","ping_status":"open","sticky":false,"template":"","format":"standard","meta":{"om_disable_all_campaigns":false,"_monsterinsights_skip_tracking":false,"_monsterinsights_sitenote_active":false,"_monsterinsights_sitenote_note":"","_monsterinsights_sitenote_category":0,"footnotes":""},"categories":[175],"tags":[223],"class_list":["post-8186","post","type-post","status-publish","format-standard","has-post-thumbnail","hentry","category-local","tag-puebla"],"amp_enabled":true,"_links":{"self":[{"href":"https:\/\/lahora.mx\/index.php\/wp-json\/wp\/v2\/posts\/8186","targetHints":{"allow":["GET"]}}],"collection":[{"href":"https:\/\/lahora.mx\/index.php\/wp-json\/wp\/v2\/posts"}],"about":[{"href":"https:\/\/lahora.mx\/index.php\/wp-json\/wp\/v2\/types\/post"}],"author":[{"embeddable":true,"href":"https:\/\/lahora.mx\/index.php\/wp-json\/wp\/v2\/users\/4"}],"replies":[{"embeddable":true,"href":"https:\/\/lahora.mx\/index.php\/wp-json\/wp\/v2\/comments?post=8186"}],"version-history":[{"count":1,"href":"https:\/\/lahora.mx\/index.php\/wp-json\/wp\/v2\/posts\/8186\/revisions"}],"predecessor-version":[{"id":8188,"href":"https:\/\/lahora.mx\/index.php\/wp-json\/wp\/v2\/posts\/8186\/revisions\/8188"}],"wp:featuredmedia":[{"embeddable":true,"href":"https:\/\/lahora.mx\/index.php\/wp-json\/wp\/v2\/media\/8187"}],"wp:attachment":[{"href":"https:\/\/lahora.mx\/index.php\/wp-json\/wp\/v2\/media?parent=8186"}],"wp:term":[{"taxonomy":"category","embeddable":true,"href":"https:\/\/lahora.mx\/index.php\/wp-json\/wp\/v2\/categories?post=8186"},{"taxonomy":"post_tag","embeddable":true,"href":"https:\/\/lahora.mx\/index.php\/wp-json\/wp\/v2\/tags?post=8186"}],"curies":[{"name":"wp","href":"https:\/\/api.w.org\/{rel}","templated":true}]}}