{"id":81844,"date":"2026-04-29T00:43:31","date_gmt":"2026-04-29T00:43:31","guid":{"rendered":"https:\/\/lahora.mx\/?p=81844"},"modified":"2026-04-29T02:24:00","modified_gmt":"2026-04-29T02:24:00","slug":"presenta-chedraui-promete-4-mil-410-calles-pavimentadas","status":"publish","type":"post","link":"https:\/\/lahora.mx\/index.php\/2026\/04\/29\/presenta-chedraui-promete-4-mil-410-calles-pavimentadas\/","title":{"rendered":"Chedraui promete 4 mil 410 calles pavimentadas"},"content":{"rendered":"\n<p>Al presentar el plan de calles al 100, el alcalde, Jos\u00e9 Chedraui Budib, anunci\u00f3 que al cierre de este a\u00f1o fiscal 2026, estar\u00e1n rehabilitadas 4 mil 410 arterias viales.<\/p>\n\n\n\n<p>En compa\u00f1\u00eda de los secretarios General de Gobierno, Francisco Rodr\u00edguez \u00c1lvarez; Infraestructura y Movilidad, David Aysa de Salazar; el Tesorero, H\u00e9ctor Gonz\u00e1lez Cobi\u00e1n y el concejal, Leobardo Rodr\u00edguez Ju\u00e1rez, indic\u00f3 que este a\u00f1o se invertir\u00e1n 790 millones de pesos, dividido en 270 millones de pesos del programa anual de obra 2026; 80 millones de pesos del Tren de Pavimentaci\u00f3n y los 440 millones de pesos de la l\u00ednea de cr\u00e9dito.<\/p>\n\n\n\n<p>Puntualiz\u00f3 que a trav\u00e9s del programa anual de obra la gesti\u00f3n a su cargo rehabilitar\u00e1 853 calles, con el Tren de Pavimentaci\u00f3n \u2014maquinaria recientemente adquirida por el ayuntamiento\u2014, se desarrollar\u00e1n 694 calles y con el recurso del empr\u00e9stito se construir\u00e1n mil 379 calles, para totalizar 2 mil 926 calles.<\/p>\n\n\n\n<p>Bajo ese panorama, insisti\u00f3 que, al cierre del 2026, los poblanos tendr\u00e1n 4 mil 410 calles acompa\u00f1adas de las mil 484 calles realizadas del 15 de octubre de 2024 al 31 de diciembre de 2025 y las 2 mil 926 vialidades que se trabajar\u00e1n hasta diciembre de este 2026.<\/p>\n\n\n\n<p>Ante esa perspectiva, agradeci\u00f3 nuevamente al gobierno de Alejandro Armenta Mier por las 5 mil calles que est\u00e1 desarrollando en Puebla capital.<\/p>\n\n\n\n<p>Rodr\u00edguez \u00c1lvarez puntualiz\u00f3 que la rehabilitaci\u00f3n de las calles se prioriz\u00f3 de acuerdo a la ubicaci\u00f3n de escuelas, hospitales y templos, \u00e1reas a donde se presenta mayor flujo vehicular y peatonal.<\/p>\n\n\n\n<p>Aysa de Salazar, recapitul\u00f3 que los trabajos de obra se est\u00e1n ejecutando en las 17 juntas auxiliares, la gran mayor\u00eda solicitadas por las y los ciudadanos.<\/p>\n","protected":false},"excerpt":{"rendered":"<p>Al presentar el plan de calles al 100, el alcalde, Jos\u00e9 Chedraui Budib, anunci\u00f3 que al cierre de este a\u00f1o fiscal 2026, estar\u00e1n rehabilitadas 4 mil 410 arterias viales. En compa\u00f1\u00eda de los secretarios General de Gobierno, Francisco Rodr\u00edguez \u00c1lvarez; Infraestructura y Movilidad, David Aysa de Salazar; el Tesorero, H\u00e9ctor Gonz\u00e1lez Cobi\u00e1n y el concejal, [&hellip;]<\/p>\n","protected":false},"author":1,"featured_media":81846,"comment_status":"open","ping_status":"open","sticky":false,"template":"","format":"standard","meta":{"om_disable_all_campaigns":false,"_monsterinsights_skip_tracking":false,"_monsterinsights_sitenote_active":false,"_monsterinsights_sitenote_note":"","_monsterinsights_sitenote_category":0,"footnotes":""},"categories":[175],"tags":[223],"class_list":["post-81844","post","type-post","status-publish","format-standard","has-post-thumbnail","hentry","category-local","tag-puebla"],"amp_enabled":true,"_links":{"self":[{"href":"https:\/\/lahora.mx\/index.php\/wp-json\/wp\/v2\/posts\/81844","targetHints":{"allow":["GET"]}}],"collection":[{"href":"https:\/\/lahora.mx\/index.php\/wp-json\/wp\/v2\/posts"}],"about":[{"href":"https:\/\/lahora.mx\/index.php\/wp-json\/wp\/v2\/types\/post"}],"author":[{"embeddable":true,"href":"https:\/\/lahora.mx\/index.php\/wp-json\/wp\/v2\/users\/1"}],"replies":[{"embeddable":true,"href":"https:\/\/lahora.mx\/index.php\/wp-json\/wp\/v2\/comments?post=81844"}],"version-history":[{"count":2,"href":"https:\/\/lahora.mx\/index.php\/wp-json\/wp\/v2\/posts\/81844\/revisions"}],"predecessor-version":[{"id":81862,"href":"https:\/\/lahora.mx\/index.php\/wp-json\/wp\/v2\/posts\/81844\/revisions\/81862"}],"wp:featuredmedia":[{"embeddable":true,"href":"https:\/\/lahora.mx\/index.php\/wp-json\/wp\/v2\/media\/81846"}],"wp:attachment":[{"href":"https:\/\/lahora.mx\/index.php\/wp-json\/wp\/v2\/media?parent=81844"}],"wp:term":[{"taxonomy":"category","embeddable":true,"href":"https:\/\/lahora.mx\/index.php\/wp-json\/wp\/v2\/categories?post=81844"},{"taxonomy":"post_tag","embeddable":true,"href":"https:\/\/lahora.mx\/index.php\/wp-json\/wp\/v2\/tags?post=81844"}],"curies":[{"name":"wp","href":"https:\/\/api.w.org\/{rel}","templated":true}]}}