{"id":81835,"date":"2026-04-28T23:31:15","date_gmt":"2026-04-28T23:31:15","guid":{"rendered":"https:\/\/lahora.mx\/?p=81835"},"modified":"2026-04-28T23:31:16","modified_gmt":"2026-04-28T23:31:16","slug":"gabriela-sanchez-se-deslinda-de-munecas-la-bonita-distribuidas-en-puebla","status":"publish","type":"post","link":"https:\/\/lahora.mx\/index.php\/2026\/04\/28\/gabriela-sanchez-se-deslinda-de-munecas-la-bonita-distribuidas-en-puebla\/","title":{"rendered":"Gabriela S\u00e1nchez se deslinda de mu\u00f1ecas \u201cLa Bonita\u201d distribuidas en Puebla"},"content":{"rendered":"\n<p>La aparici\u00f3n y reparto de mu\u00f1ecas \u201cLa Bonita\u201d en colonias populares del sur de Puebla tom\u00f3 por sorpresa a la titular del Deporte y Juventud, Gabriela S\u00e1nchez Saavedra, quien neg\u00f3 tener conocimiento previo de esta situaci\u00f3n, descart\u00f3 que se trate de su imagen y rechaz\u00f3 cualquier v\u00ednculo con fines electorales.<\/p>\n\n\n\n<p>En conferencia de prensa, la funcionaria afirm\u00f3 que se enter\u00f3 del tema a partir de cuestionamientos de la prensa, por lo que adelant\u00f3 que revisar\u00e1 el origen de estos productos.<\/p>\n\n\n\n<p>La boxeadora se\u00f1al\u00f3 adem\u00e1s que actualmente su atenci\u00f3n est\u00e1 centrada en la Olimpiada Nacional Conade, por lo que descart\u00f3 cualquier participaci\u00f3n en acciones ajenas a su encargo.<br>\u201cNo estaba enterada, me acabo de enterar ahorita por tu pregunta, voy a revisar, pero \u00bfsabes qu\u00e9? no creo\u2026 todas aqu\u00ed somos bonitas y la verdad es que puede ser cualquier mu\u00f1eca que se est\u00e9 repartiendo\u201d, puntualiz\u00f3.<\/p>\n\n\n\n<p>De manera particular, la pugilista refiri\u00f3 que existen varias figuras femeninas representadas en este tipo de productos, por lo que no descart\u00f3 que se trate de otras personalidades.<\/p>\n\n\n\n<p>\u201cHay que recordar que est\u00e1 la Barbie Ju\u00e1rez y ella tambi\u00e9n tiene sus mu\u00f1ecas (\u2026) no s\u00e9 si sean esa (\u2026) no creo que sea mi imagen, pero en todo caso vamos a revisarlo\u201d, apunt\u00f3.<\/p>\n\n\n\n<p>Asimismo, S\u00e1nchez Saavedra hizo un llamado a evitar estereotipos y resalt\u00f3 la diversidad de identidades femeninas, al se\u00f1alar que \u201ctodas somos bonitas\u201d.<\/p>\n\n\n\n<p>A su vez, el gobernador Alejandro Armenta Mier retom\u00f3 el mensaje, para decir que \u00abtodas las poblanas son bonitas\u00bb, sin etiqueta alguna.<\/p>\n","protected":false},"excerpt":{"rendered":"<p>La aparici\u00f3n y reparto de mu\u00f1ecas \u201cLa Bonita\u201d en colonias populares del sur de Puebla tom\u00f3 por sorpresa a la titular del Deporte y Juventud, Gabriela S\u00e1nchez Saavedra, quien neg\u00f3 tener conocimiento previo de esta situaci\u00f3n, descart\u00f3 que se trate de su imagen y rechaz\u00f3 cualquier v\u00ednculo con fines electorales. En conferencia de prensa, la [&hellip;]<\/p>\n","protected":false},"author":1,"featured_media":81836,"comment_status":"open","ping_status":"open","sticky":false,"template":"","format":"standard","meta":{"om_disable_all_campaigns":false,"_monsterinsights_skip_tracking":false,"_monsterinsights_sitenote_active":false,"_monsterinsights_sitenote_note":"","_monsterinsights_sitenote_category":0,"footnotes":""},"categories":[175],"tags":[],"class_list":["post-81835","post","type-post","status-publish","format-standard","has-post-thumbnail","hentry","category-local"],"amp_enabled":true,"_links":{"self":[{"href":"https:\/\/lahora.mx\/index.php\/wp-json\/wp\/v2\/posts\/81835","targetHints":{"allow":["GET"]}}],"collection":[{"href":"https:\/\/lahora.mx\/index.php\/wp-json\/wp\/v2\/posts"}],"about":[{"href":"https:\/\/lahora.mx\/index.php\/wp-json\/wp\/v2\/types\/post"}],"author":[{"embeddable":true,"href":"https:\/\/lahora.mx\/index.php\/wp-json\/wp\/v2\/users\/1"}],"replies":[{"embeddable":true,"href":"https:\/\/lahora.mx\/index.php\/wp-json\/wp\/v2\/comments?post=81835"}],"version-history":[{"count":1,"href":"https:\/\/lahora.mx\/index.php\/wp-json\/wp\/v2\/posts\/81835\/revisions"}],"predecessor-version":[{"id":81841,"href":"https:\/\/lahora.mx\/index.php\/wp-json\/wp\/v2\/posts\/81835\/revisions\/81841"}],"wp:featuredmedia":[{"embeddable":true,"href":"https:\/\/lahora.mx\/index.php\/wp-json\/wp\/v2\/media\/81836"}],"wp:attachment":[{"href":"https:\/\/lahora.mx\/index.php\/wp-json\/wp\/v2\/media?parent=81835"}],"wp:term":[{"taxonomy":"category","embeddable":true,"href":"https:\/\/lahora.mx\/index.php\/wp-json\/wp\/v2\/categories?post=81835"},{"taxonomy":"post_tag","embeddable":true,"href":"https:\/\/lahora.mx\/index.php\/wp-json\/wp\/v2\/tags?post=81835"}],"curies":[{"name":"wp","href":"https:\/\/api.w.org\/{rel}","templated":true}]}}