{"id":81831,"date":"2026-04-28T22:25:27","date_gmt":"2026-04-28T22:25:27","guid":{"rendered":"https:\/\/lahora.mx\/?p=81831"},"modified":"2026-04-28T22:25:28","modified_gmt":"2026-04-28T22:25:28","slug":"con-impulso-historico-al-deporte-puebla-se-consolida-como-epicentro-nacional","status":"publish","type":"post","link":"https:\/\/lahora.mx\/index.php\/2026\/04\/28\/con-impulso-historico-al-deporte-puebla-se-consolida-como-epicentro-nacional\/","title":{"rendered":"Con impulso hist\u00f3rico al deporte Puebla se consolida como epicentro nacional"},"content":{"rendered":"\n<p>El estado vive una etapa hist\u00f3rica en materia deportiva y reafirma su liderazgo como sede de eventos que fortalecen la formaci\u00f3n de nuevas generaciones de atletas y reconstruyen el tejido social, destac\u00f3 el gobernador Alejandro Armenta Mier, quien resalt\u00f3 que su administraci\u00f3n invierte en la obra humana y en la infraestructura para este sector.<\/p>\n\n\n\n<p>En este contexto, Puebla alberga la Olimpiada Nacional CONADE con 16 disciplinas y registra participaci\u00f3n en 38 de 51 a nivel nacional. El objetivo es alcanzar presencia en 40 disciplinas en la siguiente edici\u00f3n, como parte de una pol\u00edtica que posiciona al deporte como prioridad estatal. Adem\u00e1s, el ejecutivo estatal record\u00f3 que se fortalecen apoyos econ\u00f3micos a atletas y entrenadores, el deporte escolar, masivo y profesional, as\u00ed como la rehabilitaci\u00f3n de espacios deportivos.<\/p>\n\n\n\n<p>La secretaria de Deporte y Juventud, Gaby \u201cLa Bonita\u201d S\u00e1nchez, inform\u00f3 que destacan siete actividades clave: Mundialito Llanero, Mundialito Universitario, Mundialito Interdependencias, la clase masiva de b\u00e9isbol y softbol \u201cDiamantes de Paz\u201d, Tequios por la Tierra, Murales Mundialistas y el evento Mister M\u00e9xico. Estas acciones impulsan la activaci\u00f3n f\u00edsica y la integraci\u00f3n social.<\/p>\n\n\n\n<p>En resultados, la delegaci\u00f3n poblana suma siete medallas. En escalada deportiva, Mar\u00eda Jos\u00e9 Estrada obtuvo oro. En ciclismo de ruta, el equipo conformado por Derek Alexander Lavadores, Adeo Sebasti\u00e1n Aveda\u00f1o Ascenci\u00f3n y Maximiliano Yael Tadeo Sosa consigui\u00f3 oro. La plata correspondi\u00f3 a Juan Jos\u00e9 Almonte Almonte, Israel Paisano Tecpanecatl y Jos\u00e9 Antonio Garc\u00eda Aparicio. En esta disciplina tambi\u00e9n se obtuvieron medallas de bronce por equipos, as\u00ed como una presea individual adicional para Juan Jos\u00e9 Almonte Almonte.<\/p>\n\n\n\n<p>En el marco del Mundial Social impulsado por el Gobierno de M\u00e9xico que encabeza la presidenta Claudia Sheinbaum, Puebla fortalece la participaci\u00f3n comunitaria mediante los Mundialitos Llanero, Interdependencias y Universitario, con el prop\u00f3sito de fomentar el deporte entre ni\u00f1as, ni\u00f1os y j\u00f3venes.<\/p>\n\n\n\n<p>El secretario de Educaci\u00f3n, Manuel Viveros Narciso, destac\u00f3 que las universidades forman profesionistas y fortalecen la hermandad social, donde el deporte representa una herramienta clave en la formaci\u00f3n integral, en l\u00ednea con la Nueva Escuela Mexicana. El Mundialito Universitario tiene como sede principal los campos de La Noria, con inscripciones abiertas hasta el 31 de marzo y finales previstas antes del 7 de junio.<\/p>\n\n\n\n<p>En su intervenci\u00f3n, el subsecretario de Fomento y Participaci\u00f3n Comunitaria, Francisco Gonz\u00e1lez Bonilla, inform\u00f3 que el Mundialito Llanero se realiza del 18 de abril al 11 de julio en diversas colonias, con categor\u00edas de 6 a 8 y de 9 a 11 a\u00f1os, con el objetivo de fortalecer la convivencia comunitaria.<\/p>\n\n\n\n<p>Por su parte, el asesor deportivo, Roberto Ruiz Esparza indic\u00f3 que el Mundialito Interdependencias cuenta con 72 equipos inscritos en ramas femenil, varonil y mixta. El torneo inici\u00f3 el 20 de abril, tendr\u00e1 una pausa en julio y concluir\u00e1 el 4 de septiembre bajo un formato tipo Champions.<\/p>\n\n\n\n<p>El Gobierno del Estado refrenda su compromiso con el impulso al deporte como pol\u00edtica p\u00fablica que promueve la inclusi\u00f3n, la formaci\u00f3n integral y el desarrollo de las juventudes.<\/p>\n","protected":false},"excerpt":{"rendered":"<p>El estado vive una etapa hist\u00f3rica en materia deportiva y reafirma su liderazgo como sede de eventos que fortalecen la formaci\u00f3n de nuevas generaciones de atletas y reconstruyen el tejido social, destac\u00f3 el gobernador Alejandro Armenta Mier, quien resalt\u00f3 que su administraci\u00f3n invierte en la obra humana y en la infraestructura para este sector. En [&hellip;]<\/p>\n","protected":false},"author":1,"featured_media":81833,"comment_status":"open","ping_status":"open","sticky":false,"template":"","format":"standard","meta":{"om_disable_all_campaigns":false,"_monsterinsights_skip_tracking":false,"_monsterinsights_sitenote_active":false,"_monsterinsights_sitenote_note":"","_monsterinsights_sitenote_category":0,"footnotes":""},"categories":[175],"tags":[239,223],"class_list":["post-81831","post","type-post","status-publish","format-standard","has-post-thumbnail","hentry","category-local","tag-gobierno","tag-puebla"],"amp_enabled":true,"_links":{"self":[{"href":"https:\/\/lahora.mx\/index.php\/wp-json\/wp\/v2\/posts\/81831","targetHints":{"allow":["GET"]}}],"collection":[{"href":"https:\/\/lahora.mx\/index.php\/wp-json\/wp\/v2\/posts"}],"about":[{"href":"https:\/\/lahora.mx\/index.php\/wp-json\/wp\/v2\/types\/post"}],"author":[{"embeddable":true,"href":"https:\/\/lahora.mx\/index.php\/wp-json\/wp\/v2\/users\/1"}],"replies":[{"embeddable":true,"href":"https:\/\/lahora.mx\/index.php\/wp-json\/wp\/v2\/comments?post=81831"}],"version-history":[{"count":1,"href":"https:\/\/lahora.mx\/index.php\/wp-json\/wp\/v2\/posts\/81831\/revisions"}],"predecessor-version":[{"id":81834,"href":"https:\/\/lahora.mx\/index.php\/wp-json\/wp\/v2\/posts\/81831\/revisions\/81834"}],"wp:featuredmedia":[{"embeddable":true,"href":"https:\/\/lahora.mx\/index.php\/wp-json\/wp\/v2\/media\/81833"}],"wp:attachment":[{"href":"https:\/\/lahora.mx\/index.php\/wp-json\/wp\/v2\/media?parent=81831"}],"wp:term":[{"taxonomy":"category","embeddable":true,"href":"https:\/\/lahora.mx\/index.php\/wp-json\/wp\/v2\/categories?post=81831"},{"taxonomy":"post_tag","embeddable":true,"href":"https:\/\/lahora.mx\/index.php\/wp-json\/wp\/v2\/tags?post=81831"}],"curies":[{"name":"wp","href":"https:\/\/api.w.org\/{rel}","templated":true}]}}