{"id":81820,"date":"2026-04-28T21:33:13","date_gmt":"2026-04-28T21:33:13","guid":{"rendered":"https:\/\/lahora.mx\/?p=81820"},"modified":"2026-04-28T23:38:21","modified_gmt":"2026-04-28T23:38:21","slug":"encuesta-tlaxcala-2027-tresearch-rumbo-a-la-gubernatura","status":"publish","type":"post","link":"https:\/\/lahora.mx\/index.php\/2026\/04\/28\/encuesta-tlaxcala-2027-tresearch-rumbo-a-la-gubernatura\/","title":{"rendered":"Alfonso S\u00e1nchez y Morena punteros para gubernatura 2027: TRESEARCH"},"content":{"rendered":"\n<ul class=\"wp-block-list\">\n<li>La m\u00e1s reciente encuesta de Tresearch posiciona a Morena como la fuerza pol\u00edtica con mayor respaldo en el estado.<\/li>\n\n\n\n<li>El partido registra un 38.9 % de intenci\u00f3n de voto, coloc\u00e1ndose con ventaja frente a otras opciones.<\/li>\n\n\n\n<li>En la contienda interna de Morena, Alfonso S\u00e1nchez Garc\u00eda lidera las preferencias.<\/li>\n\n\n\n<li>El aspirante alcanza un 30.6 % de simpat\u00eda, perfil\u00e1ndose como el contendiente m\u00e1s s\u00f3lido al interior del partido.<\/li>\n\n\n\n<li>Los resultados reflejan una tendencia favorable para Morena de cara al proceso electoral de 2027 en Tlaxcala.<\/li>\n<\/ul>\n\n\n\n<p><\/p>\n","protected":false},"excerpt":{"rendered":"","protected":false},"author":1,"featured_media":81822,"comment_status":"open","ping_status":"open","sticky":false,"template":"","format":"standard","meta":{"om_disable_all_campaigns":false,"_monsterinsights_skip_tracking":false,"_monsterinsights_sitenote_active":false,"_monsterinsights_sitenote_note":"","_monsterinsights_sitenote_category":0,"footnotes":""},"categories":[175],"tags":[223,210],"class_list":["post-81820","post","type-post","status-publish","format-standard","has-post-thumbnail","hentry","category-local","tag-puebla","tag-tlaxcala"],"amp_enabled":true,"_links":{"self":[{"href":"https:\/\/lahora.mx\/index.php\/wp-json\/wp\/v2\/posts\/81820","targetHints":{"allow":["GET"]}}],"collection":[{"href":"https:\/\/lahora.mx\/index.php\/wp-json\/wp\/v2\/posts"}],"about":[{"href":"https:\/\/lahora.mx\/index.php\/wp-json\/wp\/v2\/types\/post"}],"author":[{"embeddable":true,"href":"https:\/\/lahora.mx\/index.php\/wp-json\/wp\/v2\/users\/1"}],"replies":[{"embeddable":true,"href":"https:\/\/lahora.mx\/index.php\/wp-json\/wp\/v2\/comments?post=81820"}],"version-history":[{"count":3,"href":"https:\/\/lahora.mx\/index.php\/wp-json\/wp\/v2\/posts\/81820\/revisions"}],"predecessor-version":[{"id":81842,"href":"https:\/\/lahora.mx\/index.php\/wp-json\/wp\/v2\/posts\/81820\/revisions\/81842"}],"wp:featuredmedia":[{"embeddable":true,"href":"https:\/\/lahora.mx\/index.php\/wp-json\/wp\/v2\/media\/81822"}],"wp:attachment":[{"href":"https:\/\/lahora.mx\/index.php\/wp-json\/wp\/v2\/media?parent=81820"}],"wp:term":[{"taxonomy":"category","embeddable":true,"href":"https:\/\/lahora.mx\/index.php\/wp-json\/wp\/v2\/categories?post=81820"},{"taxonomy":"post_tag","embeddable":true,"href":"https:\/\/lahora.mx\/index.php\/wp-json\/wp\/v2\/tags?post=81820"}],"curies":[{"name":"wp","href":"https:\/\/api.w.org\/{rel}","templated":true}]}}