{"id":81810,"date":"2026-04-28T19:32:05","date_gmt":"2026-04-28T19:32:05","guid":{"rendered":"https:\/\/lahora.mx\/?p=81810"},"modified":"2026-04-28T20:42:20","modified_gmt":"2026-04-28T20:42:20","slug":"quema-de-vehiculos-y-balacera-en-la-mexico-puebla","status":"publish","type":"post","link":"https:\/\/lahora.mx\/index.php\/2026\/04\/28\/quema-de-vehiculos-y-balacera-en-la-mexico-puebla\/","title":{"rendered":"Quema de veh\u00edculos y balacera en la M\u00e9xico &#8211; Puebla"},"content":{"rendered":"\n<p><br>Durante la ma\u00f1ana de hoy en el km 101, en la desviaci\u00f3n al aeropuerto, fue detenido un hombre que viajaba en un Platina Gris, el sujeto iba encapuchado y armado, fue asegurado por la Guardia Nacional.<br><br>Posterior a ello usuarios de la autopista M\u00e9xico-Puebla reportaron disparos y quema de veh\u00edculos a la altura del kil\u00f3metro 68 en el municipio de Santa Rita Tlahupan, presuntamente sujetos encapuchados estaban agrediendo a transportistas por lo que se desat\u00f3 una fuerte movilizaci\u00f3n parte de elementos de la Guardia Nacional.<\/p>\n\n\n\n<p>De acuerdo a un reporte al 9-1-1, varios sujetos armados estaban incendiando veh\u00edculos en ambos sentidos de la vialidad, por lo que se pidieron urgentemente la presencia de las autoridades.<\/p>\n\n\n\n<p>Reportan incendio de tr\u00e1iler en la autopista M\u00e9xico-Puebla hoy 28 de abril<br>Elementos de la Guardia Nacional arribaron para atender el reporte y al llegar detectaron a un tr\u00e1iler incendi\u00e1ndose por lo que r\u00e1pidamente se movilizaron para atener el siniestro.<\/p>\n\n\n\n<p>Hasta el momento no han dado a conocer v\u00edctimas mortales ni detenidos por este hecho, sin embargo, se sabe que la zona de la autopista M\u00e9xico-Puebla fue cerrada parcialmente mientras que se labora en el retiro de la unidad pesada.<\/p>\n\n\n\n<p><\/p>\n","protected":false},"excerpt":{"rendered":"<p>Durante la ma\u00f1ana de hoy en el km 101, en la desviaci\u00f3n al aeropuerto, fue detenido un hombre que viajaba en un Platina Gris, el sujeto iba encapuchado y armado, fue asegurado por la Guardia Nacional. Posterior a ello usuarios de la autopista M\u00e9xico-Puebla reportaron disparos y quema de veh\u00edculos a la altura del kil\u00f3metro [&hellip;]<\/p>\n","protected":false},"author":1,"featured_media":81811,"comment_status":"open","ping_status":"open","sticky":false,"template":"","format":"standard","meta":{"om_disable_all_campaigns":false,"_monsterinsights_skip_tracking":false,"_monsterinsights_sitenote_active":false,"_monsterinsights_sitenote_note":"","_monsterinsights_sitenote_category":0,"footnotes":""},"categories":[175,226],"tags":[],"class_list":["post-81810","post","type-post","status-publish","format-standard","has-post-thumbnail","hentry","category-local","category-policia"],"amp_enabled":true,"_links":{"self":[{"href":"https:\/\/lahora.mx\/index.php\/wp-json\/wp\/v2\/posts\/81810","targetHints":{"allow":["GET"]}}],"collection":[{"href":"https:\/\/lahora.mx\/index.php\/wp-json\/wp\/v2\/posts"}],"about":[{"href":"https:\/\/lahora.mx\/index.php\/wp-json\/wp\/v2\/types\/post"}],"author":[{"embeddable":true,"href":"https:\/\/lahora.mx\/index.php\/wp-json\/wp\/v2\/users\/1"}],"replies":[{"embeddable":true,"href":"https:\/\/lahora.mx\/index.php\/wp-json\/wp\/v2\/comments?post=81810"}],"version-history":[{"count":2,"href":"https:\/\/lahora.mx\/index.php\/wp-json\/wp\/v2\/posts\/81810\/revisions"}],"predecessor-version":[{"id":81814,"href":"https:\/\/lahora.mx\/index.php\/wp-json\/wp\/v2\/posts\/81810\/revisions\/81814"}],"wp:featuredmedia":[{"embeddable":true,"href":"https:\/\/lahora.mx\/index.php\/wp-json\/wp\/v2\/media\/81811"}],"wp:attachment":[{"href":"https:\/\/lahora.mx\/index.php\/wp-json\/wp\/v2\/media?parent=81810"}],"wp:term":[{"taxonomy":"category","embeddable":true,"href":"https:\/\/lahora.mx\/index.php\/wp-json\/wp\/v2\/categories?post=81810"},{"taxonomy":"post_tag","embeddable":true,"href":"https:\/\/lahora.mx\/index.php\/wp-json\/wp\/v2\/tags?post=81810"}],"curies":[{"name":"wp","href":"https:\/\/api.w.org\/{rel}","templated":true}]}}