{"id":81806,"date":"2026-04-28T18:42:43","date_gmt":"2026-04-28T18:42:43","guid":{"rendered":"https:\/\/lahora.mx\/?p=81806"},"modified":"2026-04-28T18:42:43","modified_gmt":"2026-04-28T18:42:43","slug":"comerciantes-y-joven-protagonizan-trifulca-afuera-de-la-arena-puebla-y-la-policia-no-reacciona-debidamente","status":"publish","type":"post","link":"https:\/\/lahora.mx\/index.php\/2026\/04\/28\/comerciantes-y-joven-protagonizan-trifulca-afuera-de-la-arena-puebla-y-la-policia-no-reacciona-debidamente\/","title":{"rendered":"Comerciantes y joven protagonizan trifulca afuera de la Arena Puebla y la polic\u00eda no reacciona debidamente"},"content":{"rendered":"\n<p>Afuera de la Arena Puebla, las pasiones se desbordaron cuando un grupo de presuntos comerciantes golpe\u00f3 a un joven, quien qued\u00f3 tendido en el piso.<br>El video se difundi\u00f3 la noche de ayer y se viraliz\u00f3 este martes en Puebla. Las im\u00e1genes mostraron una ri\u00f1a entre presuntos comerciantes. En un primer momento, se observ\u00f3 a un joven con la playera rota, quien aparentemente se retiraba del conflicto.<\/p>\n\n\n\n<p>Despu\u00e9s, el camar\u00f3grafo se dirigi\u00f3 detr\u00e1s de uno de los puestos; previamente, se escuch\u00f3 la voz de una mujer que dijo: \u201cMario, vente para ac\u00e1\u201d. En ese punto, la grabaci\u00f3n capt\u00f3 a unas cuatro personas golpeando a un joven.<\/p>\n\n\n\n<p>Polic\u00eda no interviene<br>El sujeto recibi\u00f3 patadas y pu\u00f1etazos hasta quedar tendido en el suelo. Elementos policiales se encontraban en la zona; sin embargo, su intervenci\u00f3n fue limitada y permitieron que la agresi\u00f3n continuara.<\/p>\n\n\n\n<p>\u201cAguas, aguas, no se metan\u201d, se escuch\u00f3 decir a uno de los presuntos involucrados. En uno de los puestos tambi\u00e9n se observ\u00f3 a un uniformado que intervino de manera m\u00ednima.<\/p>\n\n\n\n<p>La Secretar\u00eda de Seguridad Ciudadana del municipio de Puebla no emiti\u00f3 informaci\u00f3n sobre la pelea, y tampoco se report\u00f3 el estado de salud del joven agredido.<\/p>\n","protected":false},"excerpt":{"rendered":"<p>Afuera de la Arena Puebla, las pasiones se desbordaron cuando un grupo de presuntos comerciantes golpe\u00f3 a un joven, quien qued\u00f3 tendido en el piso.El video se difundi\u00f3 la noche de ayer y se viraliz\u00f3 este martes en Puebla. Las im\u00e1genes mostraron una ri\u00f1a entre presuntos comerciantes. En un primer momento, se observ\u00f3 a un [&hellip;]<\/p>\n","protected":false},"author":1,"featured_media":81807,"comment_status":"open","ping_status":"open","sticky":false,"template":"","format":"standard","meta":{"om_disable_all_campaigns":false,"_monsterinsights_skip_tracking":false,"_monsterinsights_sitenote_active":false,"_monsterinsights_sitenote_note":"","_monsterinsights_sitenote_category":0,"footnotes":""},"categories":[175,226],"tags":[],"class_list":["post-81806","post","type-post","status-publish","format-standard","has-post-thumbnail","hentry","category-local","category-policia"],"amp_enabled":true,"_links":{"self":[{"href":"https:\/\/lahora.mx\/index.php\/wp-json\/wp\/v2\/posts\/81806","targetHints":{"allow":["GET"]}}],"collection":[{"href":"https:\/\/lahora.mx\/index.php\/wp-json\/wp\/v2\/posts"}],"about":[{"href":"https:\/\/lahora.mx\/index.php\/wp-json\/wp\/v2\/types\/post"}],"author":[{"embeddable":true,"href":"https:\/\/lahora.mx\/index.php\/wp-json\/wp\/v2\/users\/1"}],"replies":[{"embeddable":true,"href":"https:\/\/lahora.mx\/index.php\/wp-json\/wp\/v2\/comments?post=81806"}],"version-history":[{"count":1,"href":"https:\/\/lahora.mx\/index.php\/wp-json\/wp\/v2\/posts\/81806\/revisions"}],"predecessor-version":[{"id":81808,"href":"https:\/\/lahora.mx\/index.php\/wp-json\/wp\/v2\/posts\/81806\/revisions\/81808"}],"wp:featuredmedia":[{"embeddable":true,"href":"https:\/\/lahora.mx\/index.php\/wp-json\/wp\/v2\/media\/81807"}],"wp:attachment":[{"href":"https:\/\/lahora.mx\/index.php\/wp-json\/wp\/v2\/media?parent=81806"}],"wp:term":[{"taxonomy":"category","embeddable":true,"href":"https:\/\/lahora.mx\/index.php\/wp-json\/wp\/v2\/categories?post=81806"},{"taxonomy":"post_tag","embeddable":true,"href":"https:\/\/lahora.mx\/index.php\/wp-json\/wp\/v2\/tags?post=81806"}],"curies":[{"name":"wp","href":"https:\/\/api.w.org\/{rel}","templated":true}]}}