{"id":81803,"date":"2026-04-28T18:40:20","date_gmt":"2026-04-28T18:40:20","guid":{"rendered":"https:\/\/lahora.mx\/?p=81803"},"modified":"2026-04-28T18:40:21","modified_gmt":"2026-04-28T18:40:21","slug":"el-servicio-de-agua-potable-esta-por-llegar-a-esta-zona-del-estado-de-puebla","status":"publish","type":"post","link":"https:\/\/lahora.mx\/index.php\/2026\/04\/28\/el-servicio-de-agua-potable-esta-por-llegar-a-esta-zona-del-estado-de-puebla\/","title":{"rendered":"El servicio de agua potable est\u00e1 por llegar a esta zona del estado de Puebla"},"content":{"rendered":"\n<p>M\u00e1s de 200 familias de la colonia Ampliaci\u00f3n Santa Catarina, en la junta auxiliar de San Francisco Totimehuac\u00e1n, al sur de la ciudad de Puebla, finalmente contar\u00e1n con acceso a agua potable, luego de diversas gestiones realizadas ante autoridades y organismos responsables del servicio.<\/p>\n\n\n\n<p>El avance se concret\u00f3 tras la intervenci\u00f3n del diputado Jos\u00e9 Luis Figueroa Cort\u00e9s, quien impuls\u00f3 el seguimiento de la solicitud vecinal.<\/p>\n\n\n\n<p>\u00bfC\u00f3mo se logr\u00f3 llevar agua potable a esta colonia?<br>De acuerdo con informes oficiales, el proyecto fue posible gracias a la insistencia de las y los habitantes, quienes durante meses buscaron que se atendiera la falta de infraestructura b\u00e1sica en la zona.<\/p>\n\n\n\n<p>Esta demanda fue canalizada y gestionada ante la empresa Agua de Puebla para Todos.<\/p>\n\n\n\n<p>Habr\u00e1 disminuci\u00f3n en el suministro de agua del Sistema Cutzamala durante Semana Santa<br>aEl crecimiento urbano en San Francisco Totimehuac\u00e1n acrecent\u00f3 la necesidad de agua potable en la zona de Santa Catarina. <br>\u00bfQu\u00e9 autoridades participaron en el proyecto?<br>En el proceso tambi\u00e9n intervino el Sistema Operador de los Servicios de Agua Potable y Alcantarillado del Municipio de Puebla, organismo encargado de la operaci\u00f3n del servicio en la capital.<\/p>\n\n\n\n<p>Adem\u00e1s, se destac\u00f3 la colaboraci\u00f3n del equipo t\u00e9cnico de Agua de Puebla y su director, Jordi Bosch, quienes participaron en la ejecuci\u00f3n de los trabajos necesarios para habilitar la conexi\u00f3n.<\/p>\n\n\n\n<p>\u00bfQu\u00e9 impacto tendr\u00e1 para las familias?<br>La llegada del servicio representa un cambio importante para las m\u00e1s de 200 familias beneficiadas, ya que podr\u00e1n contar con acceso directo a agua potable en sus viviendas, dejando atr\u00e1s la necesidad de recurrir a alternativas como pipas o almacenamiento limitado.<\/p>\n\n\n\n<p>En zonas como San Francisco Totimehuac\u00e1n, el crecimiento poblacional y urbano ha sido constante en los \u00faltimos a\u00f1os, al punto de convertirse en una de las juntas auxiliares m\u00e1s densas y con mayor expansi\u00f3n al sur de la capital. Este crecimiento acelerado, incluso, ha llevado a que habitantes impulsen su reconocimiento como municipio propio, argumentando que la infraestructura actual ya no responde a sus necesidades.<\/p>\n\n\n\n<p>Por lo anterior, la llegada de agua potable a colonias como Ampliaci\u00f3n Santa Catarina refleja un problema m\u00e1s amplio en Puebla, donde el acceso a servicios a\u00fan no avanza al mismo ritmo que la expansi\u00f3n urbana, especialmente en zonas perif\u00e9ricas.<\/p>\n","protected":false},"excerpt":{"rendered":"<p>M\u00e1s de 200 familias de la colonia Ampliaci\u00f3n Santa Catarina, en la junta auxiliar de San Francisco Totimehuac\u00e1n, al sur de la ciudad de Puebla, finalmente contar\u00e1n con acceso a agua potable, luego de diversas gestiones realizadas ante autoridades y organismos responsables del servicio. El avance se concret\u00f3 tras la intervenci\u00f3n del diputado Jos\u00e9 Luis [&hellip;]<\/p>\n","protected":false},"author":1,"featured_media":81804,"comment_status":"open","ping_status":"open","sticky":false,"template":"","format":"standard","meta":{"om_disable_all_campaigns":false,"_monsterinsights_skip_tracking":false,"_monsterinsights_sitenote_active":false,"_monsterinsights_sitenote_note":"","_monsterinsights_sitenote_category":0,"footnotes":""},"categories":[175],"tags":[195,223],"class_list":["post-81803","post","type-post","status-publish","format-standard","has-post-thumbnail","hentry","category-local","tag-principal","tag-puebla"],"amp_enabled":true,"_links":{"self":[{"href":"https:\/\/lahora.mx\/index.php\/wp-json\/wp\/v2\/posts\/81803","targetHints":{"allow":["GET"]}}],"collection":[{"href":"https:\/\/lahora.mx\/index.php\/wp-json\/wp\/v2\/posts"}],"about":[{"href":"https:\/\/lahora.mx\/index.php\/wp-json\/wp\/v2\/types\/post"}],"author":[{"embeddable":true,"href":"https:\/\/lahora.mx\/index.php\/wp-json\/wp\/v2\/users\/1"}],"replies":[{"embeddable":true,"href":"https:\/\/lahora.mx\/index.php\/wp-json\/wp\/v2\/comments?post=81803"}],"version-history":[{"count":1,"href":"https:\/\/lahora.mx\/index.php\/wp-json\/wp\/v2\/posts\/81803\/revisions"}],"predecessor-version":[{"id":81805,"href":"https:\/\/lahora.mx\/index.php\/wp-json\/wp\/v2\/posts\/81803\/revisions\/81805"}],"wp:featuredmedia":[{"embeddable":true,"href":"https:\/\/lahora.mx\/index.php\/wp-json\/wp\/v2\/media\/81804"}],"wp:attachment":[{"href":"https:\/\/lahora.mx\/index.php\/wp-json\/wp\/v2\/media?parent=81803"}],"wp:term":[{"taxonomy":"category","embeddable":true,"href":"https:\/\/lahora.mx\/index.php\/wp-json\/wp\/v2\/categories?post=81803"},{"taxonomy":"post_tag","embeddable":true,"href":"https:\/\/lahora.mx\/index.php\/wp-json\/wp\/v2\/tags?post=81803"}],"curies":[{"name":"wp","href":"https:\/\/api.w.org\/{rel}","templated":true}]}}