{"id":81799,"date":"2026-04-28T18:20:36","date_gmt":"2026-04-28T18:20:36","guid":{"rendered":"https:\/\/lahora.mx\/?p=81799"},"modified":"2026-04-28T18:20:55","modified_gmt":"2026-04-28T18:20:55","slug":"puebla-entre-los-estados-mas-innovadores","status":"publish","type":"post","link":"https:\/\/lahora.mx\/index.php\/2026\/04\/28\/puebla-entre-los-estados-mas-innovadores\/","title":{"rendered":"Puebla, entre los estados m\u00e1s innovadores"},"content":{"rendered":"\n<p>Puebla consolid\u00f3 su avance en materia de innovaci\u00f3n al colocarse en el tercer lugar nacional en solicitudes de patentes, afirm\u00f3 el director general del Instituto Mexicano de la Propiedad Industrial (IMPI), Santiago Nieto Castillo.<\/p>\n\n\n\n<p>En su visita a la entidad, el funcionario destac\u00f3 que este resultado representa un crecimiento sostenido durante la administraci\u00f3n estatal de Alejandro Armenta Mier, al pasar del sexto al tercer sitio a nivel nacional. El desempe\u00f1o refleja una evoluci\u00f3n desde 2024, cuando Puebla ocupaba el sexto lugar; posteriormente avanz\u00f3 al cuarto con 46 solicitudes y al quinto con 70 durante 2025, hasta posicionarse ahora dentro del top tres.<\/p>\n\n\n\n<p><br>Adem\u00e1s, el estado registr\u00f3 un incremento del 23 por ciento en solicitudes de marcas y del 43 por ciento en t\u00edtulos otorgados, lo que evidencia un entorno m\u00e1s din\u00e1mico para la protecci\u00f3n de la propiedad intelectual. En el marco de estos resultados, el IMPI entreg\u00f3 la ampliaci\u00f3n de la indicaci\u00f3n geogr\u00e1fica del mezcal de Huaquechula, con un valor estimado de 156 millones de pesos y una proyecci\u00f3n de rendimiento superior al 50 por ciento.<\/p>\n\n\n\n<p>Asimismo, se otorg\u00f3 la indicaci\u00f3n geogr\u00e1fica para la tuna roja vigor de San Sebasti\u00e1n Villanueva, cuyo impacto econ\u00f3mico se calcula en 350 millones de pesos. Ambos productos se integran al atlas tur\u00edstico nacional. De manera paralela, se iniciaron gestiones para reconocer con indicaci\u00f3n geogr\u00e1fica al papel picado de San Salvador Huixcolotla y a los textiles de Hueyapan.<\/p>\n\n\n\n<p>Por su parte, el gobernador Alejandro Armenta destac\u00f3 que estos avances forman parte del Plan Estatal de Desarrollo, alineado con la estrategia para impulsar el consumo interno. Se\u00f1al\u00f3 que la marca Cinco de Mayo cuenta con el distintivo Hecho en M\u00e9xico, lo que facilita su inclusi\u00f3n en los mercados.<\/p>\n","protected":false},"excerpt":{"rendered":"<p>Puebla consolid\u00f3 su avance en materia de innovaci\u00f3n al colocarse en el tercer lugar nacional en solicitudes de patentes, afirm\u00f3 el director general del Instituto Mexicano de la Propiedad Industrial (IMPI), Santiago Nieto Castillo. En su visita a la entidad, el funcionario destac\u00f3 que este resultado representa un crecimiento sostenido durante la administraci\u00f3n estatal de [&hellip;]<\/p>\n","protected":false},"author":1,"featured_media":81800,"comment_status":"open","ping_status":"open","sticky":false,"template":"","format":"standard","meta":{"om_disable_all_campaigns":false,"_monsterinsights_skip_tracking":false,"_monsterinsights_sitenote_active":false,"_monsterinsights_sitenote_note":"","_monsterinsights_sitenote_category":0,"footnotes":""},"categories":[176],"tags":[223],"class_list":["post-81799","post","type-post","status-publish","format-standard","has-post-thumbnail","hentry","category-nacional","tag-puebla"],"amp_enabled":true,"_links":{"self":[{"href":"https:\/\/lahora.mx\/index.php\/wp-json\/wp\/v2\/posts\/81799","targetHints":{"allow":["GET"]}}],"collection":[{"href":"https:\/\/lahora.mx\/index.php\/wp-json\/wp\/v2\/posts"}],"about":[{"href":"https:\/\/lahora.mx\/index.php\/wp-json\/wp\/v2\/types\/post"}],"author":[{"embeddable":true,"href":"https:\/\/lahora.mx\/index.php\/wp-json\/wp\/v2\/users\/1"}],"replies":[{"embeddable":true,"href":"https:\/\/lahora.mx\/index.php\/wp-json\/wp\/v2\/comments?post=81799"}],"version-history":[{"count":2,"href":"https:\/\/lahora.mx\/index.php\/wp-json\/wp\/v2\/posts\/81799\/revisions"}],"predecessor-version":[{"id":81802,"href":"https:\/\/lahora.mx\/index.php\/wp-json\/wp\/v2\/posts\/81799\/revisions\/81802"}],"wp:featuredmedia":[{"embeddable":true,"href":"https:\/\/lahora.mx\/index.php\/wp-json\/wp\/v2\/media\/81800"}],"wp:attachment":[{"href":"https:\/\/lahora.mx\/index.php\/wp-json\/wp\/v2\/media?parent=81799"}],"wp:term":[{"taxonomy":"category","embeddable":true,"href":"https:\/\/lahora.mx\/index.php\/wp-json\/wp\/v2\/categories?post=81799"},{"taxonomy":"post_tag","embeddable":true,"href":"https:\/\/lahora.mx\/index.php\/wp-json\/wp\/v2\/tags?post=81799"}],"curies":[{"name":"wp","href":"https:\/\/api.w.org\/{rel}","templated":true}]}}