{"id":81795,"date":"2026-04-28T16:01:34","date_gmt":"2026-04-28T16:01:34","guid":{"rendered":"https:\/\/lahora.mx\/?p=81795"},"modified":"2026-04-28T16:01:35","modified_gmt":"2026-04-28T16:01:35","slug":"cierres-viales-en-puebla-por-ensayo-del-desfile-5-de-mayo","status":"publish","type":"post","link":"https:\/\/lahora.mx\/index.php\/2026\/04\/28\/cierres-viales-en-puebla-por-ensayo-del-desfile-5-de-mayo\/","title":{"rendered":"Cierres viales en Puebla por ensayo del desfile 5 de Mayo"},"content":{"rendered":"\n<p>Autoridades municipales&nbsp;implementaron un&nbsp;operativo de movilidad&nbsp;en&nbsp;Puebla&nbsp;con motivo del&nbsp;pase de lista&nbsp;previo al desfile conmemorativo del&nbsp;5 de Mayo. Para este martes, se prev\u00e9n&nbsp;cierres&nbsp;importantes en diversas vialidades de la ciudad.<\/p>\n\n\n\n<p>Desde las&nbsp;06:30 horas&nbsp;y hasta aproximadamente las&nbsp;12:30 horas, permanecer\u00e1 cerrada la&nbsp;Calzada Ignacio Zaragoza&nbsp;en ambos sentidos, as\u00ed como la&nbsp;Diagonal Defensores de la Rep\u00fablica&nbsp;y la zona del&nbsp;Tecnol\u00f3gico.<\/p>\n\n\n\n<p>Te puede interesar:&nbsp;Anuncian nueva ruta del desfile del 5 de Mayo en Puebla<\/p>\n\n\n\n<p>Tambi\u00e9n habr\u00e1 afectaciones en la circulaci\u00f3n en el tramo de&nbsp;Alfredo Toxqui&nbsp;hacia la incorporaci\u00f3n con la&nbsp;Calzada Zaragoza, as\u00ed como en la&nbsp;Diagonal Defensores de la Rep\u00fablica, desde la&nbsp;18 de Noviembre&nbsp;hasta el&nbsp;Boulevard H\u00e9roes del 5 de Mayo.<\/p>\n\n\n\n<p>Estas vialidades forman parte del pol\u00edgono donde se llevaron a cabo los&nbsp;movimientos log\u00edsticos&nbsp;y de organizaci\u00f3n de los&nbsp;contingentes.<\/p>\n\n\n\n<p>Como alternativas para los automovilistas, se recomienda utilizar el&nbsp;Bulevar H\u00e9roes del 5 de Mayo, la avenida&nbsp;18 de Noviembre&nbsp;y la&nbsp;Autopista M\u00e9xico-Puebla, con el objetivo de reducir congestionamientos y facilitar el desplazamiento durante el per\u00edodo de cierres.<\/p>\n\n\n\n<p>El operativo forma parte de las acciones previas al&nbsp;desfile del 5 de Mayo, una de las conmemoraciones m\u00e1s importantes en la&nbsp;ciudad de Puebla.<\/p>\n\n\n\n<p>Mira la informaci\u00f3n completa https:\/\/elpopular.mx\/comunidad\/movilidad\/2026\/04\/28\/atencion-hay-cierres-viales-en-puebla-por-ensayo-del-desfile-5-de-mayo<\/p>\n","protected":false},"excerpt":{"rendered":"<p>Autoridades municipales&nbsp;implementaron un&nbsp;operativo de movilidad&nbsp;en&nbsp;Puebla&nbsp;con motivo del&nbsp;pase de lista&nbsp;previo al desfile conmemorativo del&nbsp;5 de Mayo. Para este martes, se prev\u00e9n&nbsp;cierres&nbsp;importantes en diversas vialidades de la ciudad. Desde las&nbsp;06:30 horas&nbsp;y hasta aproximadamente las&nbsp;12:30 horas, permanecer\u00e1 cerrada la&nbsp;Calzada Ignacio Zaragoza&nbsp;en ambos sentidos, as\u00ed como la&nbsp;Diagonal Defensores de la Rep\u00fablica&nbsp;y la zona del&nbsp;Tecnol\u00f3gico. Te puede interesar:&nbsp;Anuncian nueva ruta [&hellip;]<\/p>\n","protected":false},"author":1,"featured_media":81796,"comment_status":"open","ping_status":"open","sticky":false,"template":"","format":"standard","meta":{"om_disable_all_campaigns":false,"_monsterinsights_skip_tracking":false,"_monsterinsights_sitenote_active":false,"_monsterinsights_sitenote_note":"","_monsterinsights_sitenote_category":0,"footnotes":""},"categories":[175],"tags":[195,223],"class_list":["post-81795","post","type-post","status-publish","format-standard","has-post-thumbnail","hentry","category-local","tag-principal","tag-puebla"],"amp_enabled":true,"_links":{"self":[{"href":"https:\/\/lahora.mx\/index.php\/wp-json\/wp\/v2\/posts\/81795","targetHints":{"allow":["GET"]}}],"collection":[{"href":"https:\/\/lahora.mx\/index.php\/wp-json\/wp\/v2\/posts"}],"about":[{"href":"https:\/\/lahora.mx\/index.php\/wp-json\/wp\/v2\/types\/post"}],"author":[{"embeddable":true,"href":"https:\/\/lahora.mx\/index.php\/wp-json\/wp\/v2\/users\/1"}],"replies":[{"embeddable":true,"href":"https:\/\/lahora.mx\/index.php\/wp-json\/wp\/v2\/comments?post=81795"}],"version-history":[{"count":1,"href":"https:\/\/lahora.mx\/index.php\/wp-json\/wp\/v2\/posts\/81795\/revisions"}],"predecessor-version":[{"id":81797,"href":"https:\/\/lahora.mx\/index.php\/wp-json\/wp\/v2\/posts\/81795\/revisions\/81797"}],"wp:featuredmedia":[{"embeddable":true,"href":"https:\/\/lahora.mx\/index.php\/wp-json\/wp\/v2\/media\/81796"}],"wp:attachment":[{"href":"https:\/\/lahora.mx\/index.php\/wp-json\/wp\/v2\/media?parent=81795"}],"wp:term":[{"taxonomy":"category","embeddable":true,"href":"https:\/\/lahora.mx\/index.php\/wp-json\/wp\/v2\/categories?post=81795"},{"taxonomy":"post_tag","embeddable":true,"href":"https:\/\/lahora.mx\/index.php\/wp-json\/wp\/v2\/tags?post=81795"}],"curies":[{"name":"wp","href":"https:\/\/api.w.org\/{rel}","templated":true}]}}