{"id":81792,"date":"2026-04-28T15:52:56","date_gmt":"2026-04-28T15:52:56","guid":{"rendered":"https:\/\/lahora.mx\/?p=81792"},"modified":"2026-04-28T15:52:57","modified_gmt":"2026-04-28T15:52:57","slug":"condena-de-50-anos-de-prision-a-javier-cota-n-responsable-de-multihomicidio-en-atlixco","status":"publish","type":"post","link":"https:\/\/lahora.mx\/index.php\/2026\/04\/28\/condena-de-50-anos-de-prision-a-javier-cota-n-responsable-de-multihomicidio-en-atlixco\/","title":{"rendered":"Condena de 50 a\u00f1os de prisi\u00f3n a Javier Cota N responsable de multihomicidio en Atlixco"},"content":{"rendered":"\n<p>La violencia que irrumpi\u00f3 en la tranquilidad de la junta auxiliar de Metepec, ubicada a 30 minutos de la cabecera, la noche del 26 de octubre de 2022 encontr\u00f3, casi cuatro a\u00f1os despu\u00e9s, un desenlace en los tribunales.<\/p>\n\n\n\n<p>Tras el desahogo del juicio oral la Fiscal\u00eda General del Estado (FGE) obtuvo una sentencia condenatoria de 50 a\u00f1os de prisi\u00f3n en contra de Javier Cota N., de 27 a\u00f1os, declarado culpable del delito de homicidio calificado.<br>De acuerdo con lo acreditado durante el proceso judicial aquella noche varias personas se encontraban reunidas al interior de un domicilio cuando el ahora sentenciado, acompa\u00f1ado de otros sujetos, ingres\u00f3 de manera violenta portando armas de fuego.<\/p>\n\n\n\n<p>La escena, descrita por testigos y peritajes, estuvo marcada por el sometimiento de las v\u00edctimas mediante amenazas y agresiones f\u00edsicas. En medio del caos Javier Cota N. agredi\u00f3 a una de las personas presentes y posteriormente accion\u00f3 un arma de fuego contra los dem\u00e1s ocupantes del inmueble.<\/p>\n\n\n\n<p>Las detonaciones rompieron el silencio de la zona y dejaron como saldo la muerte de varias v\u00edctimas a consecuencia de lesiones provocadas por proyectiles de arma de fuego, un hecho que conmocion\u00f3 a la comunidad de Metepec y al municipio de Atlixco.<\/p>\n\n\n\n<p>El caso avanz\u00f3 en el sistema de justicia penal hasta llegar a su etapa definitiva. El pasado 16 de abril de 2026 el Tribunal de Enjuiciamiento emiti\u00f3 un fallo condenatorio y el 23 de abril, durante la audiencia de individualizaci\u00f3n de sanciones, se determin\u00f3 imponer una pena de 50 a\u00f1os de prisi\u00f3n.<\/p>\n\n\n\n<p>Adem\u00e1s de la sentencia privativa de libertad la autoridad judicial orden\u00f3 el pago de la reparaci\u00f3n del da\u00f1o moral y una indemnizaci\u00f3n econ\u00f3mica a favor de las v\u00edctimas indirectas. Tambi\u00e9n se dict\u00f3 la suspensi\u00f3n de los derechos civiles y pol\u00edticos del sentenciado, mientras que el monto correspondiente al da\u00f1o material ser\u00e1 definido en la etapa de ejecuci\u00f3n de la pena.<\/p>\n","protected":false},"excerpt":{"rendered":"<p>La violencia que irrumpi\u00f3 en la tranquilidad de la junta auxiliar de Metepec, ubicada a 30 minutos de la cabecera, la noche del 26 de octubre de 2022 encontr\u00f3, casi cuatro a\u00f1os despu\u00e9s, un desenlace en los tribunales. Tras el desahogo del juicio oral la Fiscal\u00eda General del Estado (FGE) obtuvo una sentencia condenatoria de [&hellip;]<\/p>\n","protected":false},"author":1,"featured_media":81793,"comment_status":"open","ping_status":"open","sticky":false,"template":"","format":"standard","meta":{"om_disable_all_campaigns":false,"_monsterinsights_skip_tracking":false,"_monsterinsights_sitenote_active":false,"_monsterinsights_sitenote_note":"","_monsterinsights_sitenote_category":0,"footnotes":""},"categories":[226],"tags":[],"class_list":["post-81792","post","type-post","status-publish","format-standard","has-post-thumbnail","hentry","category-policia"],"amp_enabled":true,"_links":{"self":[{"href":"https:\/\/lahora.mx\/index.php\/wp-json\/wp\/v2\/posts\/81792","targetHints":{"allow":["GET"]}}],"collection":[{"href":"https:\/\/lahora.mx\/index.php\/wp-json\/wp\/v2\/posts"}],"about":[{"href":"https:\/\/lahora.mx\/index.php\/wp-json\/wp\/v2\/types\/post"}],"author":[{"embeddable":true,"href":"https:\/\/lahora.mx\/index.php\/wp-json\/wp\/v2\/users\/1"}],"replies":[{"embeddable":true,"href":"https:\/\/lahora.mx\/index.php\/wp-json\/wp\/v2\/comments?post=81792"}],"version-history":[{"count":1,"href":"https:\/\/lahora.mx\/index.php\/wp-json\/wp\/v2\/posts\/81792\/revisions"}],"predecessor-version":[{"id":81794,"href":"https:\/\/lahora.mx\/index.php\/wp-json\/wp\/v2\/posts\/81792\/revisions\/81794"}],"wp:featuredmedia":[{"embeddable":true,"href":"https:\/\/lahora.mx\/index.php\/wp-json\/wp\/v2\/media\/81793"}],"wp:attachment":[{"href":"https:\/\/lahora.mx\/index.php\/wp-json\/wp\/v2\/media?parent=81792"}],"wp:term":[{"taxonomy":"category","embeddable":true,"href":"https:\/\/lahora.mx\/index.php\/wp-json\/wp\/v2\/categories?post=81792"},{"taxonomy":"post_tag","embeddable":true,"href":"https:\/\/lahora.mx\/index.php\/wp-json\/wp\/v2\/tags?post=81792"}],"curies":[{"name":"wp","href":"https:\/\/api.w.org\/{rel}","templated":true}]}}