{"id":81789,"date":"2026-04-28T15:01:36","date_gmt":"2026-04-28T15:01:36","guid":{"rendered":"https:\/\/lahora.mx\/?p=81789"},"modified":"2026-04-28T15:01:37","modified_gmt":"2026-04-28T15:01:37","slug":"se-ofrecieron-26-servicios-gratuitos-en-la-jornada-de-atencion-ciudadana","status":"publish","type":"post","link":"https:\/\/lahora.mx\/index.php\/2026\/04\/28\/se-ofrecieron-26-servicios-gratuitos-en-la-jornada-de-atencion-ciudadana\/","title":{"rendered":"Se ofrecieron 26 servicios gratuitos en la Jornada de Atenci\u00f3n Ciudadana"},"content":{"rendered":"\n<p>Con el objetivo de acercar servicios m\u00e9dicos gratuitos y de calidad a la poblaci\u00f3n, se llev\u00f3 a cabo la Jornada de Atenci\u00f3n Ciudadana, organizada por el Gobierno del Estado de Puebla, encabezado por Alejandro Armenta Mier, en coordinaci\u00f3n con el Gobierno Municipal presidido por Juan Manuel Alonso Ram\u00edrez, en la cual la Secretar\u00eda de Salud ofreci\u00f3 26 servicios gratuitos, beneficiando a 748 ciudadanos.<\/p>\n\n\n\n<p>Entre los servicios gratuitos destacan: medicina general, ultrasonido, rayos X, atenci\u00f3n dental, mastograf\u00edas, papanicolaou y otros. Asimismo, se brind\u00f3 atenci\u00f3n de orientaci\u00f3n nutricional, consultas m\u00e9dicas y psicol\u00f3gicas, adem\u00e1s de la expedici\u00f3n de certificados y credenciales de discapacidad, as\u00ed como la entrega de 348 medicamentos.<\/p>\n\n\n\n<p>En su mensaje, el Alcalde Juan Manuel Alonso agradeci\u00f3 el respaldo del Gobernador Alejandro Armenta y de la presidenta del SEDIF Puebla, Cecilia Arellano, por impulsar acciones que fortalecen la salud p\u00fablica y acercan servicios de manera directa y gratuita a la poblaci\u00f3n de la microrregi\u00f3n 7.<\/p>\n\n\n\n<p>Por su parte, Mar\u00eda del Carmen Paniagua Alc\u00e1ntara, titular de la Unidad de Asistencia M\u00e9dico Social del SEDIF, reiter\u00f3 su compromiso de dar continuidad a estas jornadas para fortalecer el bienestar comunitario, destacando tambi\u00e9n la entrega de aparatos ortop\u00e9dicos a grupos vulnerables de la regi\u00f3n.<\/p>\n\n\n\n<p>En representaci\u00f3n del Secretario de Salud Joaqu\u00edn Espidio Camarillo, Juan Mart\u00edn Cruz Contreras, Enlace con Jefes Jurisdiccionales, subray\u00f3 que la atenci\u00f3n m\u00e9dica preventiva es clave para mejorar la calidad de vida de las familias de la entidad.<\/p>\n","protected":false},"excerpt":{"rendered":"<p>Con el objetivo de acercar servicios m\u00e9dicos gratuitos y de calidad a la poblaci\u00f3n, se llev\u00f3 a cabo la Jornada de Atenci\u00f3n Ciudadana, organizada por el Gobierno del Estado de Puebla, encabezado por Alejandro Armenta Mier, en coordinaci\u00f3n con el Gobierno Municipal presidido por Juan Manuel Alonso Ram\u00edrez, en la cual la Secretar\u00eda de Salud [&hellip;]<\/p>\n","protected":false},"author":1,"featured_media":81790,"comment_status":"open","ping_status":"open","sticky":false,"template":"","format":"standard","meta":{"om_disable_all_campaigns":false,"_monsterinsights_skip_tracking":false,"_monsterinsights_sitenote_active":false,"_monsterinsights_sitenote_note":"","_monsterinsights_sitenote_category":0,"footnotes":""},"categories":[175],"tags":[239,223],"class_list":["post-81789","post","type-post","status-publish","format-standard","has-post-thumbnail","hentry","category-local","tag-gobierno","tag-puebla"],"amp_enabled":true,"_links":{"self":[{"href":"https:\/\/lahora.mx\/index.php\/wp-json\/wp\/v2\/posts\/81789","targetHints":{"allow":["GET"]}}],"collection":[{"href":"https:\/\/lahora.mx\/index.php\/wp-json\/wp\/v2\/posts"}],"about":[{"href":"https:\/\/lahora.mx\/index.php\/wp-json\/wp\/v2\/types\/post"}],"author":[{"embeddable":true,"href":"https:\/\/lahora.mx\/index.php\/wp-json\/wp\/v2\/users\/1"}],"replies":[{"embeddable":true,"href":"https:\/\/lahora.mx\/index.php\/wp-json\/wp\/v2\/comments?post=81789"}],"version-history":[{"count":1,"href":"https:\/\/lahora.mx\/index.php\/wp-json\/wp\/v2\/posts\/81789\/revisions"}],"predecessor-version":[{"id":81791,"href":"https:\/\/lahora.mx\/index.php\/wp-json\/wp\/v2\/posts\/81789\/revisions\/81791"}],"wp:featuredmedia":[{"embeddable":true,"href":"https:\/\/lahora.mx\/index.php\/wp-json\/wp\/v2\/media\/81790"}],"wp:attachment":[{"href":"https:\/\/lahora.mx\/index.php\/wp-json\/wp\/v2\/media?parent=81789"}],"wp:term":[{"taxonomy":"category","embeddable":true,"href":"https:\/\/lahora.mx\/index.php\/wp-json\/wp\/v2\/categories?post=81789"},{"taxonomy":"post_tag","embeddable":true,"href":"https:\/\/lahora.mx\/index.php\/wp-json\/wp\/v2\/tags?post=81789"}],"curies":[{"name":"wp","href":"https:\/\/api.w.org\/{rel}","templated":true}]}}