{"id":81783,"date":"2026-04-28T14:42:44","date_gmt":"2026-04-28T14:42:44","guid":{"rendered":"https:\/\/lahora.mx\/?p=81783"},"modified":"2026-04-28T14:42:45","modified_gmt":"2026-04-28T14:42:45","slug":"trasladan-a-la-femdo-en-la-cdmx-a-el-jardinero-lider-del-cjng","status":"publish","type":"post","link":"https:\/\/lahora.mx\/index.php\/2026\/04\/28\/trasladan-a-la-femdo-en-la-cdmx-a-el-jardinero-lider-del-cjng\/","title":{"rendered":"Trasladan a la FEMDO en la CDMX a El Jardinero, l\u00edder del CJNG"},"content":{"rendered":"\n<p>El pasado lunes 27 de abril por la noche, Audias Flores Silva, alias \u201cEl Jardinero\u201d, quien est\u00e1 identificado por las autoridades como uno de los dirigentes del C\u00e1rtel Jalisco Nueva Generaci\u00f3n (CJNG), fue trasladado a las instalaciones de la Fiscal\u00eda Especializada en materia de Delincuencia Organizada (FEMDO) de la Fiscal\u00eda General de la Rep\u00fablica (FGR) en la Ciudad de M\u00e9xico.<\/p>\n\n\n\n<p>Lo anterior se dio bajo un intenso dispositivo de seguridad, por lo que el l\u00edder criminal fue trasladado desde Nayarit hasta la capital de la Rep\u00fablica Mexicana.<br>De tal manera, \u201cEl Jardinero\u201d arrib\u00f3 a la sede de la FEMDO, sede que se encuentra en la alcald\u00eda Cuauht\u00e9moc, antes de las 20:00 horas del pasado lunes 27 de abril, siendo escoltado por elementos de la Secretar\u00eda de Marina (Semar).<\/p>\n\n\n\n<p>Cabe recordar que la detenci\u00f3n de Audias Flores Silva se registr\u00f3 el pasado lunes 27 de abril de 2026 en Nayarit, una regi\u00f3n con fuerte presencia del CJNG y a tan solo dos meses de la muerte en un operativo militar de Nemesio Oseguera Cervantes, alias \u201cEl Mencho\u201d, de quien se consideraba su posible sucesor.<\/p>\n\n\n\n<p>\u201cPor su captura, el gobierno estadounidense ofrec\u00eda una recompensa de cinco millones de d\u00f3lares\u201d, inform\u00f3 el secretario de Seguridad y Protecci\u00f3n Ciudadana (SSPC), Omar Garc\u00eda Harfuch por medio de sus redes sociales, adem\u00e1s, agreg\u00f3 que el detenido cuenta con una orden de aprehensi\u00f3n en M\u00e9xico y es requerido por autoridades de Estados Unidos con fines de extradici\u00f3n.<\/p>\n\n\n\n<p>La operaci\u00f3n fue \u201cplaneada, desarrollada y ejecutada\u201d por personal de la Secretar\u00eda de Marina (Semar), se\u00f1al\u00f3 el funcionario.<\/p>\n","protected":false},"excerpt":{"rendered":"<p>El pasado lunes 27 de abril por la noche, Audias Flores Silva, alias \u201cEl Jardinero\u201d, quien est\u00e1 identificado por las autoridades como uno de los dirigentes del C\u00e1rtel Jalisco Nueva Generaci\u00f3n (CJNG), fue trasladado a las instalaciones de la Fiscal\u00eda Especializada en materia de Delincuencia Organizada (FEMDO) de la Fiscal\u00eda General de la Rep\u00fablica (FGR) [&hellip;]<\/p>\n","protected":false},"author":1,"featured_media":81784,"comment_status":"open","ping_status":"open","sticky":false,"template":"","format":"standard","meta":{"om_disable_all_campaigns":false,"_monsterinsights_skip_tracking":false,"_monsterinsights_sitenote_active":false,"_monsterinsights_sitenote_note":"","_monsterinsights_sitenote_category":0,"footnotes":""},"categories":[176,226],"tags":[],"class_list":["post-81783","post","type-post","status-publish","format-standard","has-post-thumbnail","hentry","category-nacional","category-policia"],"amp_enabled":true,"_links":{"self":[{"href":"https:\/\/lahora.mx\/index.php\/wp-json\/wp\/v2\/posts\/81783","targetHints":{"allow":["GET"]}}],"collection":[{"href":"https:\/\/lahora.mx\/index.php\/wp-json\/wp\/v2\/posts"}],"about":[{"href":"https:\/\/lahora.mx\/index.php\/wp-json\/wp\/v2\/types\/post"}],"author":[{"embeddable":true,"href":"https:\/\/lahora.mx\/index.php\/wp-json\/wp\/v2\/users\/1"}],"replies":[{"embeddable":true,"href":"https:\/\/lahora.mx\/index.php\/wp-json\/wp\/v2\/comments?post=81783"}],"version-history":[{"count":1,"href":"https:\/\/lahora.mx\/index.php\/wp-json\/wp\/v2\/posts\/81783\/revisions"}],"predecessor-version":[{"id":81785,"href":"https:\/\/lahora.mx\/index.php\/wp-json\/wp\/v2\/posts\/81783\/revisions\/81785"}],"wp:featuredmedia":[{"embeddable":true,"href":"https:\/\/lahora.mx\/index.php\/wp-json\/wp\/v2\/media\/81784"}],"wp:attachment":[{"href":"https:\/\/lahora.mx\/index.php\/wp-json\/wp\/v2\/media?parent=81783"}],"wp:term":[{"taxonomy":"category","embeddable":true,"href":"https:\/\/lahora.mx\/index.php\/wp-json\/wp\/v2\/categories?post=81783"},{"taxonomy":"post_tag","embeddable":true,"href":"https:\/\/lahora.mx\/index.php\/wp-json\/wp\/v2\/tags?post=81783"}],"curies":[{"name":"wp","href":"https:\/\/api.w.org\/{rel}","templated":true}]}}