{"id":81776,"date":"2026-04-28T03:49:11","date_gmt":"2026-04-28T03:49:11","guid":{"rendered":"https:\/\/lahora.mx\/?p=81776"},"modified":"2026-04-28T03:49:12","modified_gmt":"2026-04-28T03:49:12","slug":"rechaza-el-gobernador-alejandro-armenta-que-se-llegue-a-vulnerar-la-autonomia-de-puebla-capital-tras-acuerdo-del-predial","status":"publish","type":"post","link":"https:\/\/lahora.mx\/index.php\/2026\/04\/28\/rechaza-el-gobernador-alejandro-armenta-que-se-llegue-a-vulnerar-la-autonomia-de-puebla-capital-tras-acuerdo-del-predial\/","title":{"rendered":"Rechaza el gobernador Alejandro Armenta que se llegue a vulnerar la autonom\u00eda de Puebla capital tras acuerdo del predial"},"content":{"rendered":"\n<p>El gobernador Alejandro Armenta Mier rechaz\u00f3 que el convenio con el ayuntamiento de Puebla, sobre el cobro del predial, vulnere su autonom\u00eda, toda vez que el objetivo es incrementar la recaudaci\u00f3n de recursos dirigidos a las arcas municipales.<\/p>\n\n\n\n<p>Ante medios de comunicaci\u00f3n, pidi\u00f3 no dejarse llevar por las mentiras que circulan las redes sociales sobre que su administraci\u00f3n pretende quedarse con el cobro de este derecho.<br>\u201c\u00bfC\u00f3mo le vamos a quitar una facultad o una funci\u00f3n? S\u00f3lo pensamos en ayudarles a los presidentes, s\u00f3lo pensamos c\u00f3mo les vamos a ayudar con la maquinaria, c\u00f3mo les vamos a ayudar con obra comunitaria\u201d, se\u00f1al\u00f3<\/p>\n\n\n\n<p>Incluso argument\u00f3 que en el ingreso de prepuesto a trav\u00e9s de este concepto cuenta con un rezago del 50 por ciento y del 60 en algunos municipios.<\/p>\n\n\n\n<p>Por su parte, la titular de la Secretar\u00eda de Planeaci\u00f3n, Finanzas y Administraci\u00f3n (SPFA), Daniela P\u00e9rez Calder\u00f3n, explic\u00f3 que el Estado no pretende quedarse con estos ingresos, sino que se busca asegurar la reelecci\u00f3n.<\/p>\n\n\n\n<p>Adem\u00e1s, dijo que esto les permite acceder al 30 por ciento de los ingresos excedentes del Fondo de Fomento Municipal, que est\u00e1 establecido en la Ley de Coordinaci\u00f3n Fiscal Federal, y al igual que las participaciones se distribuye a trav\u00e9s del Estado.<\/p>\n\n\n\n<p>Durante varios a\u00f1os -coment\u00f3- que el Estado de Puebla y los municipios no han podido ejercer estos ingresos excedentes por falta de mecanismos de coordinaci\u00f3n y colaboraci\u00f3n administrativa, lo cual se ha ido manifestando desde que arribaron a esta administraci\u00f3n.<\/p>\n\n\n\n<p>En ese sentido, desde el a\u00f1o pasado se han mantenido varios encuentros y comunicaci\u00f3n con la Secretar\u00eda de Hacienda y Cr\u00e9dito P\u00fablico, quien ha participado en la revisi\u00f3n del marco normativo y de la propuesta de convenios que ahora est\u00e1n a consideraci\u00f3n de los municipios.<\/p>\n\n\n\n<p>La funcionaria estatal afirm\u00f3 que este convenio modificatorio que ya existe desde el a\u00f1o 2015 y que es exclusivamente en los municipios de mayor infraestructura t\u00e9cnica<\/p>\n\n\n\n<p>Finalmente, se\u00f1al\u00f3 que en la entidad poblana, son 90 de los 217 municipios que se han sumado a trav\u00e9s de sus cabildos, a coordinarse con el Estado para lograr una mayor recaudaci\u00f3n del impuesto predial, sin que ello afecte ni su autonom\u00eda, ni su soberan\u00eda.<\/p>\n\n\n\n<p>\u201cPor el contrario, el objetivo es incrementar su recaudaci\u00f3n y fortalecer la hacienda p\u00fablica municipal\u201d, agreg\u00f3.<\/p>\n","protected":false},"excerpt":{"rendered":"<p>El gobernador Alejandro Armenta Mier rechaz\u00f3 que el convenio con el ayuntamiento de Puebla, sobre el cobro del predial, vulnere su autonom\u00eda, toda vez que el objetivo es incrementar la recaudaci\u00f3n de recursos dirigidos a las arcas municipales. Ante medios de comunicaci\u00f3n, pidi\u00f3 no dejarse llevar por las mentiras que circulan las redes sociales sobre [&hellip;]<\/p>\n","protected":false},"author":1,"featured_media":81777,"comment_status":"open","ping_status":"open","sticky":false,"template":"","format":"standard","meta":{"om_disable_all_campaigns":false,"_monsterinsights_skip_tracking":false,"_monsterinsights_sitenote_active":false,"_monsterinsights_sitenote_note":"","_monsterinsights_sitenote_category":0,"footnotes":""},"categories":[175],"tags":[195,223],"class_list":["post-81776","post","type-post","status-publish","format-standard","has-post-thumbnail","hentry","category-local","tag-principal","tag-puebla"],"amp_enabled":true,"_links":{"self":[{"href":"https:\/\/lahora.mx\/index.php\/wp-json\/wp\/v2\/posts\/81776","targetHints":{"allow":["GET"]}}],"collection":[{"href":"https:\/\/lahora.mx\/index.php\/wp-json\/wp\/v2\/posts"}],"about":[{"href":"https:\/\/lahora.mx\/index.php\/wp-json\/wp\/v2\/types\/post"}],"author":[{"embeddable":true,"href":"https:\/\/lahora.mx\/index.php\/wp-json\/wp\/v2\/users\/1"}],"replies":[{"embeddable":true,"href":"https:\/\/lahora.mx\/index.php\/wp-json\/wp\/v2\/comments?post=81776"}],"version-history":[{"count":1,"href":"https:\/\/lahora.mx\/index.php\/wp-json\/wp\/v2\/posts\/81776\/revisions"}],"predecessor-version":[{"id":81778,"href":"https:\/\/lahora.mx\/index.php\/wp-json\/wp\/v2\/posts\/81776\/revisions\/81778"}],"wp:featuredmedia":[{"embeddable":true,"href":"https:\/\/lahora.mx\/index.php\/wp-json\/wp\/v2\/media\/81777"}],"wp:attachment":[{"href":"https:\/\/lahora.mx\/index.php\/wp-json\/wp\/v2\/media?parent=81776"}],"wp:term":[{"taxonomy":"category","embeddable":true,"href":"https:\/\/lahora.mx\/index.php\/wp-json\/wp\/v2\/categories?post=81776"},{"taxonomy":"post_tag","embeddable":true,"href":"https:\/\/lahora.mx\/index.php\/wp-json\/wp\/v2\/tags?post=81776"}],"curies":[{"name":"wp","href":"https:\/\/api.w.org\/{rel}","templated":true}]}}