{"id":81773,"date":"2026-04-28T03:07:14","date_gmt":"2026-04-28T03:07:14","guid":{"rendered":"https:\/\/lahora.mx\/?p=81773"},"modified":"2026-04-28T03:07:15","modified_gmt":"2026-04-28T03:07:15","slug":"ataque-armado-en-lomas-de-angelopolis-sonata-desata-panico-entre-la-gente","status":"publish","type":"post","link":"https:\/\/lahora.mx\/index.php\/2026\/04\/28\/ataque-armado-en-lomas-de-angelopolis-sonata-desata-panico-entre-la-gente\/","title":{"rendered":"Ataque armado en Lomas de Angel\u00f3polis Sonata desata p\u00e1nico entre la gente"},"content":{"rendered":"\n<p>Durante la tarde de este lunes 27 de abril, se vivieron momentos de terror y angustia en la zona de Lomas de Angel\u00f3polis Sonata, ya que se registraron detonaciones de armas de fuego, afortunadamente, no se reportan personas lesionadas.<\/p>\n\n\n\n<p>Fue en Plaza Adagio, perteneciente a Lomas de Angel\u00f3polis Sonata, en el municipio de San Andr\u00e9s Cholula, donde se present\u00f3 dicho hecho, donde un par de sujeto a bordo de una motocicleta accionaron sus armas en contra de un dos de personas, quienes al parecer son escoltas.<br>Todo indica que el ataque armado fue directo, aunque ninguna de las dos personas result\u00f3 lesionada, quienes al parecer son due\u00f1os de una camioneta blanca que estaba estacionada en el lugar.<\/p>\n\n\n\n<p>Conforme a la versi\u00f3n de testigos que se encontraban en dicha Plaza, fueron entre cuatro y cinco detonaciones las que se escucharon, lo que provoc\u00f3 que clientes y trabajadores de restaurantes cercanos se resguardaran de inmediato.<\/p>\n\n\n\n<p>Despu\u00e9s del reporte, polic\u00edas de San Andr\u00e9s Cholula desplegaron un fuerte operativo en la zona para ubicar a los presunto responsables, quienes escaparon con rumbo desconocido.<\/p>\n\n\n\n<p>Cabe aclarar que tambi\u00e9n cuando arribaron los elementos municipales, las probables personas contra quienes fue el ataque ya no estaban en el lugar, por lo que no obtuvieron declaraci\u00f3n de las mismas.<\/p>\n\n\n\n<p>En el lugar fueron encontrados varios casquillos percutidos, por lo que la Fiscal\u00eda General del Estado (FGE) de Puebla inici\u00f3 las investigaciones pertinentes.<\/p>\n","protected":false},"excerpt":{"rendered":"<p>Durante la tarde de este lunes 27 de abril, se vivieron momentos de terror y angustia en la zona de Lomas de Angel\u00f3polis Sonata, ya que se registraron detonaciones de armas de fuego, afortunadamente, no se reportan personas lesionadas. Fue en Plaza Adagio, perteneciente a Lomas de Angel\u00f3polis Sonata, en el municipio de San Andr\u00e9s [&hellip;]<\/p>\n","protected":false},"author":1,"featured_media":81774,"comment_status":"open","ping_status":"open","sticky":false,"template":"","format":"standard","meta":{"om_disable_all_campaigns":false,"_monsterinsights_skip_tracking":false,"_monsterinsights_sitenote_active":false,"_monsterinsights_sitenote_note":"","_monsterinsights_sitenote_category":0,"footnotes":""},"categories":[175,226],"tags":[223],"class_list":["post-81773","post","type-post","status-publish","format-standard","has-post-thumbnail","hentry","category-local","category-policia","tag-puebla"],"amp_enabled":true,"_links":{"self":[{"href":"https:\/\/lahora.mx\/index.php\/wp-json\/wp\/v2\/posts\/81773","targetHints":{"allow":["GET"]}}],"collection":[{"href":"https:\/\/lahora.mx\/index.php\/wp-json\/wp\/v2\/posts"}],"about":[{"href":"https:\/\/lahora.mx\/index.php\/wp-json\/wp\/v2\/types\/post"}],"author":[{"embeddable":true,"href":"https:\/\/lahora.mx\/index.php\/wp-json\/wp\/v2\/users\/1"}],"replies":[{"embeddable":true,"href":"https:\/\/lahora.mx\/index.php\/wp-json\/wp\/v2\/comments?post=81773"}],"version-history":[{"count":1,"href":"https:\/\/lahora.mx\/index.php\/wp-json\/wp\/v2\/posts\/81773\/revisions"}],"predecessor-version":[{"id":81775,"href":"https:\/\/lahora.mx\/index.php\/wp-json\/wp\/v2\/posts\/81773\/revisions\/81775"}],"wp:featuredmedia":[{"embeddable":true,"href":"https:\/\/lahora.mx\/index.php\/wp-json\/wp\/v2\/media\/81774"}],"wp:attachment":[{"href":"https:\/\/lahora.mx\/index.php\/wp-json\/wp\/v2\/media?parent=81773"}],"wp:term":[{"taxonomy":"category","embeddable":true,"href":"https:\/\/lahora.mx\/index.php\/wp-json\/wp\/v2\/categories?post=81773"},{"taxonomy":"post_tag","embeddable":true,"href":"https:\/\/lahora.mx\/index.php\/wp-json\/wp\/v2\/tags?post=81773"}],"curies":[{"name":"wp","href":"https:\/\/api.w.org\/{rel}","templated":true}]}}