{"id":81762,"date":"2026-04-28T01:36:57","date_gmt":"2026-04-28T01:36:57","guid":{"rendered":"https:\/\/lahora.mx\/?p=81762"},"modified":"2026-04-28T01:36:59","modified_gmt":"2026-04-28T01:36:59","slug":"anuncia-harfuch-detencion-de-el-jardinero-es-requerido-en-estados-unidos","status":"publish","type":"post","link":"https:\/\/lahora.mx\/index.php\/2026\/04\/28\/anuncia-harfuch-detencion-de-el-jardinero-es-requerido-en-estados-unidos\/","title":{"rendered":"Anuncia Harfuch detenci\u00f3n de El Jardinero, es requerido en Estados Unidos"},"content":{"rendered":"\n<p>Las autoridades federales dieron a conocer que detuvieron a Audias Flores Silva, alias \u201cEl Jardinero\u201d, criminal que es acusado en Estados Unidos por el tr\u00e1fico de drogas y est\u00e1 ligado al C\u00e1rtel Jalisco Nueva Generaci\u00f3n (CJNG).<\/p>\n\n\n\n<p>Fue a trav\u00e9s de las redes sociales que el secretario de Seguridad y Protecci\u00f3n Ciudadana (SSPC), Omar Garc\u00eda Harfuch, inform\u00f3 la detenci\u00f3n de Audias Flores, la cual ocurri\u00f3 en Nayarit.<br>El funcionario federal detall\u00f3 que fue una operaci\u00f3n planeada, desarrollada y ejecutada por la Secretar\u00eda de Marina, a trav\u00e9s de sus Fuerzas Especiales.<\/p>\n\n\n\n<p>A\u00f1adi\u00f3 que el llamado \u201cJardinero\u201d cuenta con orden de aprehensi\u00f3n en M\u00e9xico y tambi\u00e9n es requerido por autoridades de Estados Unidos, con fines de extradici\u00f3n.<\/p>\n\n\n\n<p>Incluso, Garc\u00eda Harfuch informa que, por la captura de dicho sujeto, el gobierno estadounidense estaba ofreciendo una recompensa de cinco millones de d\u00f3lares.<\/p>\n\n\n\n<p>De acuerdo con autoridades, el detenido era considerado posible sucesor de Nemesio Oseguera Cervantes, conocido como \u201cEl Mencho\u201d, y su jefe de seguridad, tras su abatimiento en febrero de 2026.<\/p>\n\n\n\n<p>Es identificado como jefe regional del C\u00e1rtel Jalisco Nueva Generaci\u00f3n (CJNG) en Nayarit y Zacatecas, no obstante, tambi\u00e9n se ha identificado que opera en estados vecinos como Jalisco, Michoac\u00e1n y Guerrero.<\/p>\n\n\n\n<p>Flores Silva es apodado \u201cEl Jardinero\u201d por su sello criminal de \u201csembrar cuerpos\u201d.<\/p>\n","protected":false},"excerpt":{"rendered":"<p>Las autoridades federales dieron a conocer que detuvieron a Audias Flores Silva, alias \u201cEl Jardinero\u201d, criminal que es acusado en Estados Unidos por el tr\u00e1fico de drogas y est\u00e1 ligado al C\u00e1rtel Jalisco Nueva Generaci\u00f3n (CJNG). Fue a trav\u00e9s de las redes sociales que el secretario de Seguridad y Protecci\u00f3n Ciudadana (SSPC), Omar Garc\u00eda Harfuch, [&hellip;]<\/p>\n","protected":false},"author":1,"featured_media":81763,"comment_status":"open","ping_status":"open","sticky":false,"template":"","format":"standard","meta":{"om_disable_all_campaigns":false,"_monsterinsights_skip_tracking":false,"_monsterinsights_sitenote_active":false,"_monsterinsights_sitenote_note":"","_monsterinsights_sitenote_category":0,"footnotes":""},"categories":[176],"tags":[223],"class_list":["post-81762","post","type-post","status-publish","format-standard","has-post-thumbnail","hentry","category-nacional","tag-puebla"],"amp_enabled":true,"_links":{"self":[{"href":"https:\/\/lahora.mx\/index.php\/wp-json\/wp\/v2\/posts\/81762","targetHints":{"allow":["GET"]}}],"collection":[{"href":"https:\/\/lahora.mx\/index.php\/wp-json\/wp\/v2\/posts"}],"about":[{"href":"https:\/\/lahora.mx\/index.php\/wp-json\/wp\/v2\/types\/post"}],"author":[{"embeddable":true,"href":"https:\/\/lahora.mx\/index.php\/wp-json\/wp\/v2\/users\/1"}],"replies":[{"embeddable":true,"href":"https:\/\/lahora.mx\/index.php\/wp-json\/wp\/v2\/comments?post=81762"}],"version-history":[{"count":1,"href":"https:\/\/lahora.mx\/index.php\/wp-json\/wp\/v2\/posts\/81762\/revisions"}],"predecessor-version":[{"id":81764,"href":"https:\/\/lahora.mx\/index.php\/wp-json\/wp\/v2\/posts\/81762\/revisions\/81764"}],"wp:featuredmedia":[{"embeddable":true,"href":"https:\/\/lahora.mx\/index.php\/wp-json\/wp\/v2\/media\/81763"}],"wp:attachment":[{"href":"https:\/\/lahora.mx\/index.php\/wp-json\/wp\/v2\/media?parent=81762"}],"wp:term":[{"taxonomy":"category","embeddable":true,"href":"https:\/\/lahora.mx\/index.php\/wp-json\/wp\/v2\/categories?post=81762"},{"taxonomy":"post_tag","embeddable":true,"href":"https:\/\/lahora.mx\/index.php\/wp-json\/wp\/v2\/tags?post=81762"}],"curies":[{"name":"wp","href":"https:\/\/api.w.org\/{rel}","templated":true}]}}