{"id":81759,"date":"2026-04-28T01:32:54","date_gmt":"2026-04-28T01:32:54","guid":{"rendered":"https:\/\/lahora.mx\/?p=81759"},"modified":"2026-04-28T01:38:01","modified_gmt":"2026-04-28T01:38:01","slug":"preparate-para-la-semana-con-altas-temperaturas-en-puebla","status":"publish","type":"post","link":"https:\/\/lahora.mx\/index.php\/2026\/04\/28\/preparate-para-la-semana-con-altas-temperaturas-en-puebla\/","title":{"rendered":"Prep\u00e1rate para la semana con altas temperaturas en Puebla"},"content":{"rendered":"\n<p><strong>Ahora s\u00ed, hay que andar con ropa ligera, una sombrilla, gorra, sombrero y tu termo de agua, adem\u00e1s del bloqueador,<\/strong>\u00a0ya que en la capital poblana se est\u00e1 presentando un calor incesante.<\/p>\n\n\n\n<p><strong>De tal manera, el Gobierno del Estado de Puebla, dio a conocer que desde el pasado domingo 26 de abril<\/strong>\u00a0y hasta el pr\u00f3ximo jueves 30 de este mes, se experimentar\u00e1n altas temperaturas en distintas regiones de la entidad.<br>De tal manera, el term\u00f3metro en Puebla se estar\u00e1 elevando a los 31 grados en la Angel\u00f3polis, pero en algunas zonas de la entidad estar\u00e1n llegando hasta los 40 grados cent\u00edgrados, lo anterior, debido a la onda de calor que atraviesa M\u00e9xico.<\/p>\n\n\n\n<p>Conforme al reporte del Servicio Meteorol\u00f3gico Nacional (SMN) de este lunes 27 de abril, las temperaturas son consecuencia de una onda de calor que elevar\u00e1 el term\u00f3metro a m\u00e1s de 45 grados en diferentes estados del pa\u00eds, como, por ejemplo, Durango, Sinaloa, Michoac\u00e1n, Guerrero, Tamaulipas, San Luis Potos\u00ed y Oaxaca.<\/p>\n\n\n\n<p>De tal manera, la ciudad de Puebla experimentar\u00e1 una m\u00e1xima de 30.0\u00b0C y una m\u00ednima de 14.3\u00b0C. Los municipios de la capital poblana ver\u00e1n temperaturas entre 14\u00b0C y 30\u00b0C, en promedio, pero en la Sierra Norte la temperatura rondar\u00e1 los 40 grados cent\u00edgrados.<\/p>\n\n\n\n<p>Pero no ser\u00e1 la \u00fanica zona calurosa del estado, ya que, en las sierras Nororiental y Negra, as\u00ed como la Mixteca, el term\u00f3metro estar\u00e1 marcando temperaturas cerca de los 38 grados.<\/p>\n\n\n\n<p>El viento ser\u00e1 de 7 km\/h y la humedad de 0%.<\/p>\n\n\n\n<p>Finalmente, el SMN indica baja probabilidad de lluvias para la regi\u00f3n de Puebla. Predominar\u00e1 un cielo despejado durante el d\u00eda. Sin embargo, se prev\u00e9n chubascos aislados en otras zonas del centro y sur de M\u00e9xico, con posibles descargas el\u00e9ctricas.<\/p>\n","protected":false},"excerpt":{"rendered":"<p>Ahora s\u00ed, hay que andar con ropa ligera, una sombrilla, gorra, sombrero y tu termo de agua, adem\u00e1s del bloqueador,\u00a0ya que en la capital poblana se est\u00e1 presentando un calor incesante. De tal manera, el Gobierno del Estado de Puebla, dio a conocer que desde el pasado domingo 26 de abril\u00a0y hasta el pr\u00f3ximo jueves [&hellip;]<\/p>\n","protected":false},"author":1,"featured_media":81760,"comment_status":"open","ping_status":"open","sticky":false,"template":"","format":"standard","meta":{"om_disable_all_campaigns":false,"_monsterinsights_skip_tracking":false,"_monsterinsights_sitenote_active":false,"_monsterinsights_sitenote_note":"","_monsterinsights_sitenote_category":0,"footnotes":""},"categories":[175],"tags":[223],"class_list":["post-81759","post","type-post","status-publish","format-standard","has-post-thumbnail","hentry","category-local","tag-puebla"],"amp_enabled":true,"_links":{"self":[{"href":"https:\/\/lahora.mx\/index.php\/wp-json\/wp\/v2\/posts\/81759","targetHints":{"allow":["GET"]}}],"collection":[{"href":"https:\/\/lahora.mx\/index.php\/wp-json\/wp\/v2\/posts"}],"about":[{"href":"https:\/\/lahora.mx\/index.php\/wp-json\/wp\/v2\/types\/post"}],"author":[{"embeddable":true,"href":"https:\/\/lahora.mx\/index.php\/wp-json\/wp\/v2\/users\/1"}],"replies":[{"embeddable":true,"href":"https:\/\/lahora.mx\/index.php\/wp-json\/wp\/v2\/comments?post=81759"}],"version-history":[{"count":2,"href":"https:\/\/lahora.mx\/index.php\/wp-json\/wp\/v2\/posts\/81759\/revisions"}],"predecessor-version":[{"id":81766,"href":"https:\/\/lahora.mx\/index.php\/wp-json\/wp\/v2\/posts\/81759\/revisions\/81766"}],"wp:featuredmedia":[{"embeddable":true,"href":"https:\/\/lahora.mx\/index.php\/wp-json\/wp\/v2\/media\/81760"}],"wp:attachment":[{"href":"https:\/\/lahora.mx\/index.php\/wp-json\/wp\/v2\/media?parent=81759"}],"wp:term":[{"taxonomy":"category","embeddable":true,"href":"https:\/\/lahora.mx\/index.php\/wp-json\/wp\/v2\/categories?post=81759"},{"taxonomy":"post_tag","embeddable":true,"href":"https:\/\/lahora.mx\/index.php\/wp-json\/wp\/v2\/tags?post=81759"}],"curies":[{"name":"wp","href":"https:\/\/api.w.org\/{rel}","templated":true}]}}