{"id":81753,"date":"2026-04-28T00:20:42","date_gmt":"2026-04-28T00:20:42","guid":{"rendered":"https:\/\/lahora.mx\/?p=81753"},"modified":"2026-04-28T00:20:43","modified_gmt":"2026-04-28T00:20:43","slug":"el-estado-se-reune-con-todos-armenta-responde-tras-encuentro-con-chidiac","status":"publish","type":"post","link":"https:\/\/lahora.mx\/index.php\/2026\/04\/28\/el-estado-se-reune-con-todos-armenta-responde-tras-encuentro-con-chidiac\/","title":{"rendered":"El estado se re\u00fane con todos: Armenta responde tras encuentro con Chidiac"},"content":{"rendered":"\n<p>Tras el encuentro que sostuvo con el extitular de la Secretar\u00eda de Educaci\u00f3n P\u00fablica (SEP), Jorge Estefan Chidiac, el gobernador de Puebla, Alejandro Armenta Mier, asever\u00f3 que su funci\u00f3n es dialogar, conciliar y construir sin importar el origen de las personas.<\/p>\n\n\n\n<p>Abund\u00f3 que esta actividad se replica con sus compa\u00f1eros al interior del Movimiento de Regeneraci\u00f3n Nacional (Morena), a pesar de que no lo apoyaron durante las elecciones del 2024, donde se declar\u00f3 su triunfo.<br>En rueda de prensa, tambi\u00e9n destac\u00f3 que hace 20 d\u00edas estuvo con el presidente estatal del Partido Acci\u00f3n Nacional (PAN), Mario Riestra Pi\u00f1a, as\u00ed como con la representante morenista en la entidad y quienes encabezan los dem\u00e1s partidos de la alianza.<\/p>\n\n\n\n<p>El mandatario estatal enfatiz\u00f3 que est\u00e1 abierto a escuchar todas las voces, sin calificar la conducta que hayan tenido con anterioridad, pues no existen \u201cfilias ni fobias\u201d.<\/p>\n\n\n\n<p>\u201cEstoy a favor de la cuarta transformaci\u00f3n y mi lealtad pol\u00edtica, mi lealtad a la presidenta es absoluta y de los poblanas es absoluta. Estamos consagrados en el servicio todos los d\u00edas\u201d, asever\u00f3.<\/p>\n\n\n\n<p>Argument\u00f3 que Estefan Chidiac trabaj\u00f3 en el gobierno de la Cuarta Transformaci\u00f3n como titular del Ejecutivo en Puebla, Sergio Salom\u00f3n C\u00e9spedes Peregrina, por lo que no era situaci\u00f3n que deber\u00eda extra\u00f1arles.<\/p>\n\n\n\n<p>No obstante, evit\u00f3 indagar en los temas que se pusieron sobre la mesa con el exfuncionario, pese a ser cuestionado sobre la reciente auditor\u00eda que est\u00e1 haciendo a la SEP, en cuya muestra se incluy\u00f3 resultados de su administraci\u00f3n.<\/p>\n\n\n\n<p>Esto surge a ra\u00edz una fotograf\u00eda que public\u00f3 Armenta Mier a lado del pol\u00edtico, lo que provoc\u00f3 comentarios en redes sociales aludiendo a que esta reuni\u00f3n pudo deberse con motivo de las investigaciones por irregularidades en la entrega de plazas.<\/p>\n","protected":false},"excerpt":{"rendered":"<p>Tras el encuentro que sostuvo con el extitular de la Secretar\u00eda de Educaci\u00f3n P\u00fablica (SEP), Jorge Estefan Chidiac, el gobernador de Puebla, Alejandro Armenta Mier, asever\u00f3 que su funci\u00f3n es dialogar, conciliar y construir sin importar el origen de las personas. Abund\u00f3 que esta actividad se replica con sus compa\u00f1eros al interior del Movimiento de [&hellip;]<\/p>\n","protected":false},"author":1,"featured_media":81754,"comment_status":"open","ping_status":"open","sticky":false,"template":"","format":"standard","meta":{"om_disable_all_campaigns":false,"_monsterinsights_skip_tracking":false,"_monsterinsights_sitenote_active":false,"_monsterinsights_sitenote_note":"","_monsterinsights_sitenote_category":0,"footnotes":""},"categories":[175],"tags":[239,223],"class_list":["post-81753","post","type-post","status-publish","format-standard","has-post-thumbnail","hentry","category-local","tag-gobierno","tag-puebla"],"amp_enabled":true,"_links":{"self":[{"href":"https:\/\/lahora.mx\/index.php\/wp-json\/wp\/v2\/posts\/81753","targetHints":{"allow":["GET"]}}],"collection":[{"href":"https:\/\/lahora.mx\/index.php\/wp-json\/wp\/v2\/posts"}],"about":[{"href":"https:\/\/lahora.mx\/index.php\/wp-json\/wp\/v2\/types\/post"}],"author":[{"embeddable":true,"href":"https:\/\/lahora.mx\/index.php\/wp-json\/wp\/v2\/users\/1"}],"replies":[{"embeddable":true,"href":"https:\/\/lahora.mx\/index.php\/wp-json\/wp\/v2\/comments?post=81753"}],"version-history":[{"count":1,"href":"https:\/\/lahora.mx\/index.php\/wp-json\/wp\/v2\/posts\/81753\/revisions"}],"predecessor-version":[{"id":81755,"href":"https:\/\/lahora.mx\/index.php\/wp-json\/wp\/v2\/posts\/81753\/revisions\/81755"}],"wp:featuredmedia":[{"embeddable":true,"href":"https:\/\/lahora.mx\/index.php\/wp-json\/wp\/v2\/media\/81754"}],"wp:attachment":[{"href":"https:\/\/lahora.mx\/index.php\/wp-json\/wp\/v2\/media?parent=81753"}],"wp:term":[{"taxonomy":"category","embeddable":true,"href":"https:\/\/lahora.mx\/index.php\/wp-json\/wp\/v2\/categories?post=81753"},{"taxonomy":"post_tag","embeddable":true,"href":"https:\/\/lahora.mx\/index.php\/wp-json\/wp\/v2\/tags?post=81753"}],"curies":[{"name":"wp","href":"https:\/\/api.w.org\/{rel}","templated":true}]}}