{"id":81741,"date":"2026-04-27T22:07:52","date_gmt":"2026-04-27T22:07:52","guid":{"rendered":"https:\/\/lahora.mx\/?p=81741"},"modified":"2026-04-27T22:07:53","modified_gmt":"2026-04-27T22:07:53","slug":"recibe-descarga-electrica-y-sobrevive","status":"publish","type":"post","link":"https:\/\/lahora.mx\/index.php\/2026\/04\/27\/recibe-descarga-electrica-y-sobrevive\/","title":{"rendered":"Recibe descarga el\u00e9ctrica y sobrevive"},"content":{"rendered":"\n<p>Momentos de tensi\u00f3n y alarma se vivieron en la comunidad de Castillotla, ubicada al sur de esta mancha urbana, luego de que un hombre sufriera una fuerte descarga el\u00e9ctrica mientras realizaba trabajos en un domicilio particular.<\/p>\n\n\n\n<p>De acuerdo con los primeros reportes el incidente ocurri\u00f3 cuando el afectado subi\u00f3 al techo de una vivienda con la intenci\u00f3n de revisar instalaciones el\u00e9ctricas. Sin embargo, en el proceso habr\u00eda hecho contacto accidental con cables de mediana tensi\u00f3n lo que provoc\u00f3 una potente descarga que lo dej\u00f3 gravemente lesionado ante la mirada de sus familiares.<br>Testigos se\u00f1alaron que la escena gener\u00f3 momentos de angustia ya que el hombre qued\u00f3 tendido tras el impacto el\u00e9ctrico. De inmediato se solicit\u00f3 el apoyo de los cuerpos de emergencia quienes arribaron al sitio para brindarle atenci\u00f3n prehospitalaria.<\/p>\n\n\n\n<p>Elementos de seguridad y socorro lograron estabilizar al lesionado en el lugar destacando que, pese a la magnitud de la descarga, el hombre sobrevivi\u00f3 al incidente, aunque con afectaciones considerables que ameritaron su valoraci\u00f3n m\u00e9dica.<\/p>\n\n\n\n<p>Versiones preliminares apuntan a que el afectado no contaba con el equipo de protecci\u00f3n adecuado para manipular instalaciones el\u00e9ctricas y eso habr\u00eda incrementado el riesgo y derivado en el accidente.<\/p>\n\n\n\n<p>Este hecho pone nuevamente sobre la mesa la importancia de extremar precauciones al realizar trabajos relacionados con energ\u00eda el\u00e9ctrica, as\u00ed como la necesidad de recurrir a personal especializado para evitar tragedias mayores en zonas habitacionales.<\/p>\n","protected":false},"excerpt":{"rendered":"<p>Momentos de tensi\u00f3n y alarma se vivieron en la comunidad de Castillotla, ubicada al sur de esta mancha urbana, luego de que un hombre sufriera una fuerte descarga el\u00e9ctrica mientras realizaba trabajos en un domicilio particular. De acuerdo con los primeros reportes el incidente ocurri\u00f3 cuando el afectado subi\u00f3 al techo de una vivienda con [&hellip;]<\/p>\n","protected":false},"author":1,"featured_media":81742,"comment_status":"open","ping_status":"open","sticky":false,"template":"","format":"standard","meta":{"om_disable_all_campaigns":false,"_monsterinsights_skip_tracking":false,"_monsterinsights_sitenote_active":false,"_monsterinsights_sitenote_note":"","_monsterinsights_sitenote_category":0,"footnotes":""},"categories":[226],"tags":[],"class_list":["post-81741","post","type-post","status-publish","format-standard","has-post-thumbnail","hentry","category-policia"],"amp_enabled":true,"_links":{"self":[{"href":"https:\/\/lahora.mx\/index.php\/wp-json\/wp\/v2\/posts\/81741","targetHints":{"allow":["GET"]}}],"collection":[{"href":"https:\/\/lahora.mx\/index.php\/wp-json\/wp\/v2\/posts"}],"about":[{"href":"https:\/\/lahora.mx\/index.php\/wp-json\/wp\/v2\/types\/post"}],"author":[{"embeddable":true,"href":"https:\/\/lahora.mx\/index.php\/wp-json\/wp\/v2\/users\/1"}],"replies":[{"embeddable":true,"href":"https:\/\/lahora.mx\/index.php\/wp-json\/wp\/v2\/comments?post=81741"}],"version-history":[{"count":1,"href":"https:\/\/lahora.mx\/index.php\/wp-json\/wp\/v2\/posts\/81741\/revisions"}],"predecessor-version":[{"id":81743,"href":"https:\/\/lahora.mx\/index.php\/wp-json\/wp\/v2\/posts\/81741\/revisions\/81743"}],"wp:featuredmedia":[{"embeddable":true,"href":"https:\/\/lahora.mx\/index.php\/wp-json\/wp\/v2\/media\/81742"}],"wp:attachment":[{"href":"https:\/\/lahora.mx\/index.php\/wp-json\/wp\/v2\/media?parent=81741"}],"wp:term":[{"taxonomy":"category","embeddable":true,"href":"https:\/\/lahora.mx\/index.php\/wp-json\/wp\/v2\/categories?post=81741"},{"taxonomy":"post_tag","embeddable":true,"href":"https:\/\/lahora.mx\/index.php\/wp-json\/wp\/v2\/tags?post=81741"}],"curies":[{"name":"wp","href":"https:\/\/api.w.org\/{rel}","templated":true}]}}