{"id":81738,"date":"2026-04-27T20:41:05","date_gmt":"2026-04-27T20:41:05","guid":{"rendered":"https:\/\/lahora.mx\/?p=81738"},"modified":"2026-04-27T21:44:03","modified_gmt":"2026-04-27T21:44:03","slug":"llega-nuevo-vicepresidente-de-recursos-humanos-a-volkswagen-de-mexico","status":"publish","type":"post","link":"https:\/\/lahora.mx\/index.php\/2026\/04\/27\/llega-nuevo-vicepresidente-de-recursos-humanos-a-volkswagen-de-mexico\/","title":{"rendered":"Llega nuevo vicepresidente de Recursos Humanos a Volkswagen de M\u00e9xico"},"content":{"rendered":"\n<p>Stephan Meier asumir\u00e1 a partir de abril la vicepresidencia ejecutiva de Recursos Humanos y Organizaci\u00f3n de Volkswagen de M\u00e9xico, as\u00ed como al Consejo de la compa\u00f1\u00eda en el pa\u00eds.<\/p>\n\n\n\n<p>Ser\u00e1 responsable de \u00e1reas como operaciones de Recursos Humanos, relaciones laborales, desarrollo organizacional, seguridad laboral, compensaci\u00f3n y gesti\u00f3n del talento, incluyendo la planta de motores en Guanajuato, y las filiales Volkswagen Group Academy M\u00e9xico y Volkswagen Group Services M\u00e9xico.<\/p>\n\n\n\n<p>La llegada de Stephan Meier a l cargo se da durante la revisi\u00f3n del Contrato Colectivo de Trabajo (CCT) de los trabajadores agremiados del SITIAVW en la planta de Volkswagen en Puebla.<\/p>\n\n\n\n<p>El bolet\u00edn de prensa de la firma alemana se\u00f1al\u00f3 que el nuevo vicepresidente ejecutivo de Recursos Humanos y Organizaci\u00f3n lleva 27 a\u00f1os en Grupo Volkswagen, \u201ccon diversas posiciones de liderazgo en Audi AG, tanto en Alemania como en China\u201d.<\/p>\n\n\n\n<p>\u201cPrevio a esta asignaci\u00f3n en Volkswagen de M\u00e9xico, se desempe\u00f1\u00f3 como vicepresidente senior de Recursos Humanos y Top Management en MAN Truck &amp; Bus SE, donde lider\u00f3 iniciativas en planeaci\u00f3n de la fuerza laboral, anal\u00edtica de talento, innovaci\u00f3n en recursos humanos y modelos de compensaci\u00f3n\u201d, se lee en el documento.<\/p>\n\n\n\n<p>Trabajadores SITIAVW discutieron revisi\u00f3n contractual<br>Este fin de semana el Sindicato Independiente de Trabajadores de la Industria Automotriz Volkswagen de M\u00e9xico (SITIAVW) llevaron a cabo asambleas en que los afiliados acordaron solicitar u aumento a la empresa entre 12 y hasta el 15 por ciento global.<\/p>\n\n\n\n<p>Cuatro asambleas fueron el s\u00e1bado y cuatro el domingo. De ellas se acord\u00f3 incluso hasta aceptar el 10 por ciento de aumento despu\u00e9s de la negociaci\u00f3n: un 8 por ciento de aumento directo al salario y 2 por ciento a prestaciones, se\u00f1alaron fuentes al interior del gremio.<\/p>\n\n\n\n<p>El a\u00f1o pasado los trabajadores adscritos al SITIAVW tuvieron un aumento directo al salario de apenas 4 por ciento. En las asambleas les se\u00f1alaron que las negociaciones al respecto para este a\u00f1o ser\u00edan dif\u00edciles, debido a las bajas exportaciones de 2025.<\/p>\n","protected":false},"excerpt":{"rendered":"<p>Stephan Meier asumir\u00e1 a partir de abril la vicepresidencia ejecutiva de Recursos Humanos y Organizaci\u00f3n de Volkswagen de M\u00e9xico, as\u00ed como al Consejo de la compa\u00f1\u00eda en el pa\u00eds. Ser\u00e1 responsable de \u00e1reas como operaciones de Recursos Humanos, relaciones laborales, desarrollo organizacional, seguridad laboral, compensaci\u00f3n y gesti\u00f3n del talento, incluyendo la planta de motores en [&hellip;]<\/p>\n","protected":false},"author":1,"featured_media":81739,"comment_status":"open","ping_status":"open","sticky":false,"template":"","format":"standard","meta":{"om_disable_all_campaigns":false,"_monsterinsights_skip_tracking":false,"_monsterinsights_sitenote_active":false,"_monsterinsights_sitenote_note":"","_monsterinsights_sitenote_category":0,"footnotes":""},"categories":[175],"tags":[195,223],"class_list":["post-81738","post","type-post","status-publish","format-standard","has-post-thumbnail","hentry","category-local","tag-principal","tag-puebla"],"amp_enabled":true,"_links":{"self":[{"href":"https:\/\/lahora.mx\/index.php\/wp-json\/wp\/v2\/posts\/81738","targetHints":{"allow":["GET"]}}],"collection":[{"href":"https:\/\/lahora.mx\/index.php\/wp-json\/wp\/v2\/posts"}],"about":[{"href":"https:\/\/lahora.mx\/index.php\/wp-json\/wp\/v2\/types\/post"}],"author":[{"embeddable":true,"href":"https:\/\/lahora.mx\/index.php\/wp-json\/wp\/v2\/users\/1"}],"replies":[{"embeddable":true,"href":"https:\/\/lahora.mx\/index.php\/wp-json\/wp\/v2\/comments?post=81738"}],"version-history":[{"count":1,"href":"https:\/\/lahora.mx\/index.php\/wp-json\/wp\/v2\/posts\/81738\/revisions"}],"predecessor-version":[{"id":81740,"href":"https:\/\/lahora.mx\/index.php\/wp-json\/wp\/v2\/posts\/81738\/revisions\/81740"}],"wp:featuredmedia":[{"embeddable":true,"href":"https:\/\/lahora.mx\/index.php\/wp-json\/wp\/v2\/media\/81739"}],"wp:attachment":[{"href":"https:\/\/lahora.mx\/index.php\/wp-json\/wp\/v2\/media?parent=81738"}],"wp:term":[{"taxonomy":"category","embeddable":true,"href":"https:\/\/lahora.mx\/index.php\/wp-json\/wp\/v2\/categories?post=81738"},{"taxonomy":"post_tag","embeddable":true,"href":"https:\/\/lahora.mx\/index.php\/wp-json\/wp\/v2\/tags?post=81738"}],"curies":[{"name":"wp","href":"https:\/\/api.w.org\/{rel}","templated":true}]}}