{"id":81716,"date":"2026-04-27T04:02:42","date_gmt":"2026-04-27T04:02:42","guid":{"rendered":"https:\/\/lahora.mx\/?p=81716"},"modified":"2026-04-27T04:22:44","modified_gmt":"2026-04-27T04:22:44","slug":"caravana-de-vochos-desfila-en-puebla-con-motivo-al-dia-de-la-ninez","status":"publish","type":"post","link":"https:\/\/lahora.mx\/index.php\/2026\/04\/27\/caravana-de-vochos-desfila-en-puebla-con-motivo-al-dia-de-la-ninez\/","title":{"rendered":"Caravana de vochos desfila en Puebla con motivo al D\u00eda de la Ni\u00f1ez"},"content":{"rendered":"\n<p>Un club de vochos llevaron a cabo una caravana sobre la Avenida Juan de Palafox y Mendoza en la ciudad de Puebla con sus veh\u00edculos adornados con globos, peluche y lonas, esto con motivo al D\u00eda de la Ni\u00f1ez.<\/p>\n\n\n\n<p>De tal manera, dicha caravana se apoder\u00f3 de las principales calles de la Angel\u00f3polis, en donde destac\u00f3 la tem\u00e1tica de payaso, Batman y otros personajes de la ciencia ficci\u00f3n.<br>Dicha caravana caus\u00f3 grandes alegr\u00edas de los poblanos que se encontraba en el Centro Hist\u00f3rico, quienes de manera inmediata tomaron varios videos y fotos, de este momento especial.<\/p>\n\n\n\n<p>Cabe destacar que la historia del vocho no podr\u00eda contarse sin mencionar a M\u00e9xico, ya que en ning\u00fan otro lugar del mundo se produjeron tantos sedanes como aqu\u00ed.<\/p>\n\n\n\n<p>El llamado escarabajo favorito de la empresa alemana Volkswagen se volvi\u00f3 una leyenda, produci\u00e9ndose millones en el pa\u00eds y d\u00e1ndole la vuelta al mundo.<\/p>\n","protected":false},"excerpt":{"rendered":"<p>Un club de vochos llevaron a cabo una caravana sobre la Avenida Juan de Palafox y Mendoza en la ciudad de Puebla con sus veh\u00edculos adornados con globos, peluche y lonas, esto con motivo al D\u00eda de la Ni\u00f1ez. De tal manera, dicha caravana se apoder\u00f3 de las principales calles de la Angel\u00f3polis, en donde [&hellip;]<\/p>\n","protected":false},"author":1,"featured_media":81717,"comment_status":"open","ping_status":"open","sticky":false,"template":"","format":"standard","meta":{"om_disable_all_campaigns":false,"_monsterinsights_skip_tracking":false,"_monsterinsights_sitenote_active":false,"_monsterinsights_sitenote_note":"","_monsterinsights_sitenote_category":0,"footnotes":""},"categories":[1],"tags":[239,223],"class_list":["post-81716","post","type-post","status-publish","format-standard","has-post-thumbnail","hentry","category-sin-categoria","tag-gobierno","tag-puebla"],"amp_enabled":true,"_links":{"self":[{"href":"https:\/\/lahora.mx\/index.php\/wp-json\/wp\/v2\/posts\/81716","targetHints":{"allow":["GET"]}}],"collection":[{"href":"https:\/\/lahora.mx\/index.php\/wp-json\/wp\/v2\/posts"}],"about":[{"href":"https:\/\/lahora.mx\/index.php\/wp-json\/wp\/v2\/types\/post"}],"author":[{"embeddable":true,"href":"https:\/\/lahora.mx\/index.php\/wp-json\/wp\/v2\/users\/1"}],"replies":[{"embeddable":true,"href":"https:\/\/lahora.mx\/index.php\/wp-json\/wp\/v2\/comments?post=81716"}],"version-history":[{"count":1,"href":"https:\/\/lahora.mx\/index.php\/wp-json\/wp\/v2\/posts\/81716\/revisions"}],"predecessor-version":[{"id":81718,"href":"https:\/\/lahora.mx\/index.php\/wp-json\/wp\/v2\/posts\/81716\/revisions\/81718"}],"wp:featuredmedia":[{"embeddable":true,"href":"https:\/\/lahora.mx\/index.php\/wp-json\/wp\/v2\/media\/81717"}],"wp:attachment":[{"href":"https:\/\/lahora.mx\/index.php\/wp-json\/wp\/v2\/media?parent=81716"}],"wp:term":[{"taxonomy":"category","embeddable":true,"href":"https:\/\/lahora.mx\/index.php\/wp-json\/wp\/v2\/categories?post=81716"},{"taxonomy":"post_tag","embeddable":true,"href":"https:\/\/lahora.mx\/index.php\/wp-json\/wp\/v2\/tags?post=81716"}],"curies":[{"name":"wp","href":"https:\/\/api.w.org\/{rel}","templated":true}]}}