{"id":81713,"date":"2026-04-27T03:45:00","date_gmt":"2026-04-27T03:45:00","guid":{"rendered":"https:\/\/lahora.mx\/?p=81713"},"modified":"2026-04-27T04:21:33","modified_gmt":"2026-04-27T04:21:33","slug":"este-1-de-mayo-la-cnte-hara-una-megamarcha-en-la-ciudad-de-mexico","status":"publish","type":"post","link":"https:\/\/lahora.mx\/index.php\/2026\/04\/27\/este-1-de-mayo-la-cnte-hara-una-megamarcha-en-la-ciudad-de-mexico\/","title":{"rendered":"Este 1 de mayo la CNTE har\u00e1 una megamarcha en la Ciudad de M\u00e9xico"},"content":{"rendered":"\n<p>En el marco del Internacional del Trabajo, la Coordinadora Nacional de Trabajadores de la Educaci\u00f3n (CNTE), anunci\u00f3 que realizar\u00e1 una marcha en la Ciudad de M\u00e9xico el pr\u00f3ximo 1 de mayo.<\/p>\n\n\n\n<p>Con la finalidad de manifestarse en contra de la Ley del ISSSTE de 2007.<br>Esta movilizaci\u00f3n forma de su jornada de lucha para exigir la abrogaci\u00f3n de dicha reforma y la revisi\u00f3n del sistema de pensiones para trabajadores del Estado.<\/p>\n\n\n\n<p>Este esquema ha impactado negativamente en las condiciones de jubilaci\u00f3n del magisterio, por lo que se plantea el regreso de un modelo que garantice pensiones dignas.<\/p>\n\n\n\n<p>Entre sus demandas se encuentran: eliminaci\u00f3n de la reforma de 2007 y la construcci\u00f3n de un sistema solidario que beneficie tanto a docentes como a otros trabajadores del sector p\u00fablico.<\/p>\n\n\n\n<p>Esta marcha se suma a una serie de acciones que el magisterio disidente ha realizado recientemente, incluyendo paros laborales y movilizaciones.<\/p>\n\n\n\n<p>Estas acciones forman parte de una estrategia de presi\u00f3n para establecer mesas de di\u00e1logo con el gobierno federal y avanzar en la atenci\u00f3n de sus demandas.<\/p>\n\n\n\n<p>Se espera que la movilizaci\u00f3n impacte la circulaci\u00f3n en distintos puntos de la Ciudad de M\u00e9xico, mientras autoridades mantienen monitoreo ante posibles afectaciones durante el desarrollo de la protesta.<\/p>\n","protected":false},"excerpt":{"rendered":"<p>En el marco del Internacional del Trabajo, la Coordinadora Nacional de Trabajadores de la Educaci\u00f3n (CNTE), anunci\u00f3 que realizar\u00e1 una marcha en la Ciudad de M\u00e9xico el pr\u00f3ximo 1 de mayo. Con la finalidad de manifestarse en contra de la Ley del ISSSTE de 2007.Esta movilizaci\u00f3n forma de su jornada de lucha para exigir la [&hellip;]<\/p>\n","protected":false},"author":1,"featured_media":81714,"comment_status":"open","ping_status":"open","sticky":false,"template":"","format":"standard","meta":{"om_disable_all_campaigns":false,"_monsterinsights_skip_tracking":false,"_monsterinsights_sitenote_active":false,"_monsterinsights_sitenote_note":"","_monsterinsights_sitenote_category":0,"footnotes":""},"categories":[176],"tags":[195],"class_list":["post-81713","post","type-post","status-publish","format-standard","has-post-thumbnail","hentry","category-nacional","tag-principal"],"amp_enabled":true,"_links":{"self":[{"href":"https:\/\/lahora.mx\/index.php\/wp-json\/wp\/v2\/posts\/81713","targetHints":{"allow":["GET"]}}],"collection":[{"href":"https:\/\/lahora.mx\/index.php\/wp-json\/wp\/v2\/posts"}],"about":[{"href":"https:\/\/lahora.mx\/index.php\/wp-json\/wp\/v2\/types\/post"}],"author":[{"embeddable":true,"href":"https:\/\/lahora.mx\/index.php\/wp-json\/wp\/v2\/users\/1"}],"replies":[{"embeddable":true,"href":"https:\/\/lahora.mx\/index.php\/wp-json\/wp\/v2\/comments?post=81713"}],"version-history":[{"count":1,"href":"https:\/\/lahora.mx\/index.php\/wp-json\/wp\/v2\/posts\/81713\/revisions"}],"predecessor-version":[{"id":81715,"href":"https:\/\/lahora.mx\/index.php\/wp-json\/wp\/v2\/posts\/81713\/revisions\/81715"}],"wp:featuredmedia":[{"embeddable":true,"href":"https:\/\/lahora.mx\/index.php\/wp-json\/wp\/v2\/media\/81714"}],"wp:attachment":[{"href":"https:\/\/lahora.mx\/index.php\/wp-json\/wp\/v2\/media?parent=81713"}],"wp:term":[{"taxonomy":"category","embeddable":true,"href":"https:\/\/lahora.mx\/index.php\/wp-json\/wp\/v2\/categories?post=81713"},{"taxonomy":"post_tag","embeddable":true,"href":"https:\/\/lahora.mx\/index.php\/wp-json\/wp\/v2\/tags?post=81713"}],"curies":[{"name":"wp","href":"https:\/\/api.w.org\/{rel}","templated":true}]}}