{"id":81710,"date":"2026-04-27T03:59:57","date_gmt":"2026-04-27T03:59:57","guid":{"rendered":"https:\/\/lahora.mx\/?p=81710"},"modified":"2026-04-27T03:59:58","modified_gmt":"2026-04-27T03:59:58","slug":"barbara-de-regil-debuta-como-conductora-de-supernova-genesis-2026","status":"publish","type":"post","link":"https:\/\/lahora.mx\/index.php\/2026\/04\/27\/barbara-de-regil-debuta-como-conductora-de-supernova-genesis-2026\/","title":{"rendered":"B\u00e1rbara de Regil debuta como conductora de Supernova G\u00e9nesis 2026"},"content":{"rendered":"\n<p>Este domingo durante la transmisi\u00f3n de Supernova G\u00e9nesis 2026, hubo una gran sorpresa, la aparici\u00f3n en el ring de la actriz mexicana, B\u00e1rbara de Regil, quien se mostr\u00f3 segura y con micr\u00f3fono en mano.<\/p>\n\n\n\n<p>As\u00ed debut\u00f3 como conductora del evento, dejando claro desde el primer momento que su papel no estar\u00eda dentro del combate, sino guiando la experiencia para el p\u00fablico.<br>Su entrada no solo encendi\u00f3 los \u00e1nimos, sino que tambi\u00e9n resolvi\u00f3 una de las dudas que ven\u00edan circulando desde semanas atr\u00e1s: no pelear\u00eda en esta edici\u00f3n.<\/p>\n\n\n\n<p>Con esta presentaci\u00f3n, la conductora termin\u00f3 de disipar cualquier especulaci\u00f3n.<\/p>\n\n\n\n<p>En esta ocasi\u00f3n se centr\u00f3 en la conducci\u00f3n, interacci\u00f3n con el p\u00fablico y acompa\u00f1amiento de los momentos clave del evento.<\/p>\n\n\n\n<p>Con una trayectoria consolidada en televisi\u00f3n y cine, B\u00e1rbara de Regil ha construido una carrera marcada por la versatilidad. Ha participado en proyectos de distintos g\u00e9neros, desde el drama y la acci\u00f3n hasta la comedia y el romance.<\/p>\n\n\n\n<p>Su desempe\u00f1o en el ring mostr\u00f3 soltura y energ\u00eda, caracter\u00edsticas que r\u00e1pidamente conectaron con los asistentes y con quienes segu\u00edan la transmisi\u00f3n.<\/p>\n\n\n\n<p>El debut de la conductora es una nueva etapa en su trayectoria<\/p>\n\n\n\n<p>Aunque por ahora no se concret\u00f3 una pelea, su v\u00ednculo con este tipo de eventos sigue generando inter\u00e9s, especialmente ante la posibilidad de que en el futuro s\u00ed acepte subir al ring.<\/p>\n","protected":false},"excerpt":{"rendered":"<p>Este domingo durante la transmisi\u00f3n de Supernova G\u00e9nesis 2026, hubo una gran sorpresa, la aparici\u00f3n en el ring de la actriz mexicana, B\u00e1rbara de Regil, quien se mostr\u00f3 segura y con micr\u00f3fono en mano. As\u00ed debut\u00f3 como conductora del evento, dejando claro desde el primer momento que su papel no estar\u00eda dentro del combate, sino [&hellip;]<\/p>\n","protected":false},"author":1,"featured_media":81711,"comment_status":"open","ping_status":"open","sticky":false,"template":"","format":"standard","meta":{"om_disable_all_campaigns":false,"_monsterinsights_skip_tracking":false,"_monsterinsights_sitenote_active":false,"_monsterinsights_sitenote_note":"","_monsterinsights_sitenote_category":0,"footnotes":""},"categories":[3],"tags":[],"class_list":["post-81710","post","type-post","status-publish","format-standard","has-post-thumbnail","hentry","category-entretenimiento"],"amp_enabled":true,"_links":{"self":[{"href":"https:\/\/lahora.mx\/index.php\/wp-json\/wp\/v2\/posts\/81710","targetHints":{"allow":["GET"]}}],"collection":[{"href":"https:\/\/lahora.mx\/index.php\/wp-json\/wp\/v2\/posts"}],"about":[{"href":"https:\/\/lahora.mx\/index.php\/wp-json\/wp\/v2\/types\/post"}],"author":[{"embeddable":true,"href":"https:\/\/lahora.mx\/index.php\/wp-json\/wp\/v2\/users\/1"}],"replies":[{"embeddable":true,"href":"https:\/\/lahora.mx\/index.php\/wp-json\/wp\/v2\/comments?post=81710"}],"version-history":[{"count":1,"href":"https:\/\/lahora.mx\/index.php\/wp-json\/wp\/v2\/posts\/81710\/revisions"}],"predecessor-version":[{"id":81712,"href":"https:\/\/lahora.mx\/index.php\/wp-json\/wp\/v2\/posts\/81710\/revisions\/81712"}],"wp:featuredmedia":[{"embeddable":true,"href":"https:\/\/lahora.mx\/index.php\/wp-json\/wp\/v2\/media\/81711"}],"wp:attachment":[{"href":"https:\/\/lahora.mx\/index.php\/wp-json\/wp\/v2\/media?parent=81710"}],"wp:term":[{"taxonomy":"category","embeddable":true,"href":"https:\/\/lahora.mx\/index.php\/wp-json\/wp\/v2\/categories?post=81710"},{"taxonomy":"post_tag","embeddable":true,"href":"https:\/\/lahora.mx\/index.php\/wp-json\/wp\/v2\/tags?post=81710"}],"curies":[{"name":"wp","href":"https:\/\/api.w.org\/{rel}","templated":true}]}}