{"id":81695,"date":"2026-04-27T03:23:16","date_gmt":"2026-04-27T03:23:16","guid":{"rendered":"https:\/\/lahora.mx\/?p=81695"},"modified":"2026-04-27T03:23:17","modified_gmt":"2026-04-27T03:23:17","slug":"dos-mujeres-lesionadas-tras-caida-de-estructura-metalica-en-la-feria-de-puebla","status":"publish","type":"post","link":"https:\/\/lahora.mx\/index.php\/2026\/04\/27\/dos-mujeres-lesionadas-tras-caida-de-estructura-metalica-en-la-feria-de-puebla\/","title":{"rendered":"Dos mujeres lesionadas tras ca\u00edda de estructura met\u00e1lica en la Feria de Puebla"},"content":{"rendered":"\n<p>Debido a las intensas rachas de viento que se registraron este domingo 26 de abril en la ciudad de abril, provocaron el desprendimiento de una estructura met\u00e1lica en la Feria de Puebla lesionando a dos mujeres.<\/p>\n\n\n\n<p>Fue antes de las 18:00 horas de este viernes cuando se registr\u00f3 dicho incidente, momento en el cual cay\u00f3 una lluvia en la Angel\u00f3polis y todav\u00eda exist\u00eda una alta afluencia de visitantes en dicha festividad.<br>De acuerdo al reporte de la Coordinaci\u00f3n General de Protecci\u00f3n Civil y Gesti\u00f3n del Riesgo de Desastres del Estado de Puebla, detalla que durante las acciones de atenci\u00f3n en la Feria de Puebla 2026, \u201cbrindamos atenci\u00f3n prehospitalaria a dos mujeres que resultaron lesionadas tras la ca\u00edda de una estructura met\u00e1lica, la cual cay\u00f3 a causa de una fuerte racha de viento\u201d.<\/p>\n\n\n\n<p>De acuerdo con la informaci\u00f3n de Protecci\u00f3n Civil Estatal, se trata de dos f\u00e9minas las lesionadas, una menor de edad de 14 a\u00f1os y una joven de 19.<\/p>\n\n\n\n<p>\u201cUna menor de 14 a\u00f1os present\u00f3 contusi\u00f3n en la cabeza, dolor cervical y crisis nerviosa; mientras que una joven de 19 a\u00f1os result\u00f3 con probable fractura de clav\u00edcula izquierda. En ambos casos, el personal realiz\u00f3 valoraci\u00f3n m\u00e9dica, estabilizaci\u00f3n e inmovilizaci\u00f3n correspondiente, adem\u00e1s de brindar acompa\u00f1amiento a sus familiares\u201d, declar\u00f3 Protecci\u00f3n Civil.<\/p>\n\n\n\n<p>Agrega que posteriormente, ambas pacientes fueron canalizadas para su traslado y atenci\u00f3n hospitalaria en coordinaci\u00f3n con SUMA.<\/p>\n\n\n\n<p>Sostienen que mantuvieron el seguimiento correspondiente para salvaguardar su integridad.<\/p>\n","protected":false},"excerpt":{"rendered":"<p>Debido a las intensas rachas de viento que se registraron este domingo 26 de abril en la ciudad de abril, provocaron el desprendimiento de una estructura met\u00e1lica en la Feria de Puebla lesionando a dos mujeres. Fue antes de las 18:00 horas de este viernes cuando se registr\u00f3 dicho incidente, momento en el cual cay\u00f3 [&hellip;]<\/p>\n","protected":false},"author":1,"featured_media":81696,"comment_status":"open","ping_status":"open","sticky":false,"template":"","format":"standard","meta":{"om_disable_all_campaigns":false,"_monsterinsights_skip_tracking":false,"_monsterinsights_sitenote_active":false,"_monsterinsights_sitenote_note":"","_monsterinsights_sitenote_category":0,"footnotes":""},"categories":[175],"tags":[195,223],"class_list":["post-81695","post","type-post","status-publish","format-standard","has-post-thumbnail","hentry","category-local","tag-principal","tag-puebla"],"amp_enabled":true,"_links":{"self":[{"href":"https:\/\/lahora.mx\/index.php\/wp-json\/wp\/v2\/posts\/81695","targetHints":{"allow":["GET"]}}],"collection":[{"href":"https:\/\/lahora.mx\/index.php\/wp-json\/wp\/v2\/posts"}],"about":[{"href":"https:\/\/lahora.mx\/index.php\/wp-json\/wp\/v2\/types\/post"}],"author":[{"embeddable":true,"href":"https:\/\/lahora.mx\/index.php\/wp-json\/wp\/v2\/users\/1"}],"replies":[{"embeddable":true,"href":"https:\/\/lahora.mx\/index.php\/wp-json\/wp\/v2\/comments?post=81695"}],"version-history":[{"count":1,"href":"https:\/\/lahora.mx\/index.php\/wp-json\/wp\/v2\/posts\/81695\/revisions"}],"predecessor-version":[{"id":81697,"href":"https:\/\/lahora.mx\/index.php\/wp-json\/wp\/v2\/posts\/81695\/revisions\/81697"}],"wp:featuredmedia":[{"embeddable":true,"href":"https:\/\/lahora.mx\/index.php\/wp-json\/wp\/v2\/media\/81696"}],"wp:attachment":[{"href":"https:\/\/lahora.mx\/index.php\/wp-json\/wp\/v2\/media?parent=81695"}],"wp:term":[{"taxonomy":"category","embeddable":true,"href":"https:\/\/lahora.mx\/index.php\/wp-json\/wp\/v2\/categories?post=81695"},{"taxonomy":"post_tag","embeddable":true,"href":"https:\/\/lahora.mx\/index.php\/wp-json\/wp\/v2\/tags?post=81695"}],"curies":[{"name":"wp","href":"https:\/\/api.w.org\/{rel}","templated":true}]}}