{"id":81688,"date":"2026-04-27T02:43:08","date_gmt":"2026-04-27T02:43:08","guid":{"rendered":"https:\/\/lahora.mx\/?p=81688"},"modified":"2026-04-27T02:54:23","modified_gmt":"2026-04-27T02:54:23","slug":"caos-en-estacionamiento-de-centro-expositor-de-la-feria-de-puebla","status":"publish","type":"post","link":"https:\/\/lahora.mx\/index.php\/2026\/04\/27\/caos-en-estacionamiento-de-centro-expositor-de-la-feria-de-puebla\/","title":{"rendered":"Caos en estacionamiento de Centro Expositor de la Feria de Puebla"},"content":{"rendered":"\n<p>La cantante Frida Proskawer denunci\u00f3 que la empresa encargada del estacionamiento en el Centro Expositor de Puebla vet\u00f3 el ingreso de motos.<\/p>\n\n\n\n<p>A trav\u00e9s de sus redes sociales, acus\u00f3 omisiones y falta de tacto por parte del personal al intentar ingresar al Auditorio de la Reforma. Recinto ubicado dentro del cercado de Los Fuertes ante la realizaci\u00f3n de la Feria de Puebla 2026.<\/p>\n\n\n\n<p>Inform\u00f3 que su ingreso era por motivos laborales, pero tampoco le permitieron el ingreso. Por lo que llam\u00f3 a los asistentes evitar llevar motos en caso de tener contemplado el uso del estacionamiento del Centro Expositor.<\/p>\n\n\n\n<p>No nos dejaron pasar por ning\u00fan lado, es molesto e indignante porque ven\u00edamos a trabajar. Nadie nos dej\u00f3 pasar porque no dejan pasar motos, les aviso por si vienen a la feria; los estacionamientos tienen prohibido recibir motos\u201d.<\/p>\n\n\n\n<p>Para evitar dejar su unidad en la v\u00eda p\u00fablica, asegur\u00f3 pasar a los otros estacionamientos disponibles.<\/p>\n\n\n\n<p>Sin embargo, en todos ellos la respuesta fue negativa, a pesar de contar con lugares, ya que todos tendr\u00edan la instrucci\u00f3n de no recibir motocicletas.<\/p>\n\n\n\n<p>Franeleros exigen 500 pesos por estacionamiento afuera del Centro Expositor<br>Franeleros exigen hasta 500 pesos por estacionamiento afuera del Centro Expositor, donde se realiza la Feria de Puebla.<\/p>\n\n\n\n<p>En un recorrido realizado por CENTRAL, se comprob\u00f3 que los \u201cviene viene\u201d realizan este tipo de cobros excesivos, a pesar de que est\u00e1n prohibidos.<\/p>\n\n\n\n<p>Previo al inicio de la Feria de Puebla, el gobierno estatal mencion\u00f3 que habr\u00eda personas designadas y uniformadas para brindar este servicio.<\/p>\n\n\n\n<p>Adem\u00e1s, ninguna cobrar\u00eda a los visitantes y el motivo era evitar pr\u00e1cticas y abusos por parte de los integrantes de organizaciones ambulantes.<\/p>\n\n\n\n<p>Por su parte, el Ayuntamiento de Puebla prometi\u00f3 vigilancia y emisi\u00f3n de permisos para estacionamientos particulares.<\/p>\n\n\n\n<p>Hasta ahora, esta no es la \u00fanica queja por parte de quienes asisten a la Feria, pues tambi\u00e9n hay denuncias por mala organizaci\u00f3n en los conciertos gratuitos.<\/p>\n\n\n\n<p>Recientemente, durante la presentaci\u00f3n de Morat, personas que lograron ingresar tras hacer fila compartieron el derribo de vallas y caos al entrar. Mientras que en el de Pante\u00f3n Rococ\u00f3 hubo golpes.<\/p>\n","protected":false},"excerpt":{"rendered":"<p>La cantante Frida Proskawer denunci\u00f3 que la empresa encargada del estacionamiento en el Centro Expositor de Puebla vet\u00f3 el ingreso de motos. A trav\u00e9s de sus redes sociales, acus\u00f3 omisiones y falta de tacto por parte del personal al intentar ingresar al Auditorio de la Reforma. Recinto ubicado dentro del cercado de Los Fuertes ante [&hellip;]<\/p>\n","protected":false},"author":1,"featured_media":81689,"comment_status":"open","ping_status":"open","sticky":false,"template":"","format":"standard","meta":{"om_disable_all_campaigns":false,"_monsterinsights_skip_tracking":false,"_monsterinsights_sitenote_active":false,"_monsterinsights_sitenote_note":"","_monsterinsights_sitenote_category":0,"footnotes":""},"categories":[175],"tags":[223],"class_list":["post-81688","post","type-post","status-publish","format-standard","has-post-thumbnail","hentry","category-local","tag-puebla"],"amp_enabled":true,"_links":{"self":[{"href":"https:\/\/lahora.mx\/index.php\/wp-json\/wp\/v2\/posts\/81688","targetHints":{"allow":["GET"]}}],"collection":[{"href":"https:\/\/lahora.mx\/index.php\/wp-json\/wp\/v2\/posts"}],"about":[{"href":"https:\/\/lahora.mx\/index.php\/wp-json\/wp\/v2\/types\/post"}],"author":[{"embeddable":true,"href":"https:\/\/lahora.mx\/index.php\/wp-json\/wp\/v2\/users\/1"}],"replies":[{"embeddable":true,"href":"https:\/\/lahora.mx\/index.php\/wp-json\/wp\/v2\/comments?post=81688"}],"version-history":[{"count":1,"href":"https:\/\/lahora.mx\/index.php\/wp-json\/wp\/v2\/posts\/81688\/revisions"}],"predecessor-version":[{"id":81690,"href":"https:\/\/lahora.mx\/index.php\/wp-json\/wp\/v2\/posts\/81688\/revisions\/81690"}],"wp:featuredmedia":[{"embeddable":true,"href":"https:\/\/lahora.mx\/index.php\/wp-json\/wp\/v2\/media\/81689"}],"wp:attachment":[{"href":"https:\/\/lahora.mx\/index.php\/wp-json\/wp\/v2\/media?parent=81688"}],"wp:term":[{"taxonomy":"category","embeddable":true,"href":"https:\/\/lahora.mx\/index.php\/wp-json\/wp\/v2\/categories?post=81688"},{"taxonomy":"post_tag","embeddable":true,"href":"https:\/\/lahora.mx\/index.php\/wp-json\/wp\/v2\/tags?post=81688"}],"curies":[{"name":"wp","href":"https:\/\/api.w.org\/{rel}","templated":true}]}}