{"id":81685,"date":"2026-04-27T02:04:22","date_gmt":"2026-04-27T02:04:22","guid":{"rendered":"https:\/\/lahora.mx\/?p=81685"},"modified":"2026-04-27T02:04:23","modified_gmt":"2026-04-27T02:04:23","slug":"protestan-contra-el-cablebus-y-la-recicladora-en-san-jose-chiapa","status":"publish","type":"post","link":"https:\/\/lahora.mx\/index.php\/2026\/04\/27\/protestan-contra-el-cablebus-y-la-recicladora-en-san-jose-chiapa\/","title":{"rendered":"Protestan contra el Cableb\u00fas y la recicladora en San Jos\u00e9 Chiapa"},"content":{"rendered":"\n<p>Integrantes de Colectivos y decenas de personas marcharon nuevamente este domingo en rechazo a la construcci\u00f3n del Cableb\u00fas en la ciudad de Puebla, adem\u00e1s de protestar en contra de la instalaci\u00f3n de una recicladora en el municipio de San Jos\u00e9 Chiapa, pues en ambos casos advirtieron un posible impacto a la poblaci\u00f3n y el medio ambiente.<\/p>\n\n\n\n<p>Integrantes de asociaciones ambientalistas pidieron que se reconsidere el proyecto de transporte por cable, pues afirmaron que no atiende las problem\u00e1ticas de movilidad en la periferia de la Angel\u00f3polis. Adem\u00e1s, acusaron criminalizaci\u00f3n a quienes se oponen a los trabajos.<br>En la movilizaci\u00f3n tambi\u00e9n respaldaron las manifestaciones en San Jos\u00e9 Chiapa, donde un grupo de personas se opone al proyecto del gobierno federal denominado Polo de Econom\u00eda Circular, que incluye en una recicladora que prev\u00e9 reemplazar el relleno sanitario de la zona.<\/p>\n\n\n\n<p>\u201cNos pronunciamos contra todos los proyectos que el autoritarismo quiere imponer, Cableb\u00fas, ecoparques, polos de desarrollo y otras iniciativas que amenazan con convertir al municipio en una mercanc\u00eda\u201d, reclamaron voceros con el rostro cubierto desde la plancha del Z\u00f3calo poblano.<br>Los manifestantes tambi\u00e9n pidieron m\u00e1s informaci\u00f3n sobre el impacto que causar\u00e1n las obras del transporte por cable en cuanto a la construcci\u00f3n de torres, pues se\u00f1alaron que el da\u00f1o no se limita \u00fanicamente a cu\u00e1ntos \u00e1rboles ser\u00e1n afectados.<\/p>\n\n\n\n<p>La movilizaci\u00f3n inici\u00f3 desde la calle 5 Poniente en las inmediaciones de la antigua sede del Congreso de Puebla y recorri\u00f3 el Centro Hist\u00f3rico hasta la 6 Oriente y avenida Reforma, para concluir en el primer cuadro de la ciudad.<\/p>\n\n\n\n<p><br>BUAP analiza viabilidad del Cableb\u00fas en sus instalaciones, donde retirar\u00edan 21 \u00e1rboles<br>Entre consignas de \u201c\u00a1No al Cableb\u00fas!\u201d y \u201c\u00a1No es progreso, es ecocidio!\u201d, el contingente abarc\u00f3 el arroyo vehicular de una calles entera y deriv\u00f3 en cierres viales durante el transcurso de la marcha, que inici\u00f3 despu\u00e9s del mediod\u00eda y concluy\u00f3 minutos despu\u00e9s de la 1:30 de la tarde.<\/p>\n\n\n\n<p>Seg\u00fan el coordinador de gabinete del gobierno del estado, Jos\u00e9 Luis Garc\u00eda Parra, el impacto del nuevo sistema de transporte se redujo a 97 \u00e1rboles que ser\u00e1n podados o trasplantados, mientras que \u2013dijo\u2013 reducir\u00e1 las emisiones de di\u00f3xido de carbono hasta 300 por ciento, en comparaci\u00f3n a la Red Urbana de Transporte Articulado (RUTA).<\/p>\n","protected":false},"excerpt":{"rendered":"<p>Integrantes de Colectivos y decenas de personas marcharon nuevamente este domingo en rechazo a la construcci\u00f3n del Cableb\u00fas en la ciudad de Puebla, adem\u00e1s de protestar en contra de la instalaci\u00f3n de una recicladora en el municipio de San Jos\u00e9 Chiapa, pues en ambos casos advirtieron un posible impacto a la poblaci\u00f3n y el medio [&hellip;]<\/p>\n","protected":false},"author":1,"featured_media":81686,"comment_status":"open","ping_status":"open","sticky":false,"template":"","format":"standard","meta":{"om_disable_all_campaigns":false,"_monsterinsights_skip_tracking":false,"_monsterinsights_sitenote_active":false,"_monsterinsights_sitenote_note":"","_monsterinsights_sitenote_category":0,"footnotes":""},"categories":[175],"tags":[223],"class_list":["post-81685","post","type-post","status-publish","format-standard","has-post-thumbnail","hentry","category-local","tag-puebla"],"amp_enabled":true,"_links":{"self":[{"href":"https:\/\/lahora.mx\/index.php\/wp-json\/wp\/v2\/posts\/81685","targetHints":{"allow":["GET"]}}],"collection":[{"href":"https:\/\/lahora.mx\/index.php\/wp-json\/wp\/v2\/posts"}],"about":[{"href":"https:\/\/lahora.mx\/index.php\/wp-json\/wp\/v2\/types\/post"}],"author":[{"embeddable":true,"href":"https:\/\/lahora.mx\/index.php\/wp-json\/wp\/v2\/users\/1"}],"replies":[{"embeddable":true,"href":"https:\/\/lahora.mx\/index.php\/wp-json\/wp\/v2\/comments?post=81685"}],"version-history":[{"count":1,"href":"https:\/\/lahora.mx\/index.php\/wp-json\/wp\/v2\/posts\/81685\/revisions"}],"predecessor-version":[{"id":81687,"href":"https:\/\/lahora.mx\/index.php\/wp-json\/wp\/v2\/posts\/81685\/revisions\/81687"}],"wp:featuredmedia":[{"embeddable":true,"href":"https:\/\/lahora.mx\/index.php\/wp-json\/wp\/v2\/media\/81686"}],"wp:attachment":[{"href":"https:\/\/lahora.mx\/index.php\/wp-json\/wp\/v2\/media?parent=81685"}],"wp:term":[{"taxonomy":"category","embeddable":true,"href":"https:\/\/lahora.mx\/index.php\/wp-json\/wp\/v2\/categories?post=81685"},{"taxonomy":"post_tag","embeddable":true,"href":"https:\/\/lahora.mx\/index.php\/wp-json\/wp\/v2\/tags?post=81685"}],"curies":[{"name":"wp","href":"https:\/\/api.w.org\/{rel}","templated":true}]}}