{"id":81678,"date":"2026-04-27T00:56:29","date_gmt":"2026-04-27T00:56:29","guid":{"rendered":"https:\/\/lahora.mx\/?p=81678"},"modified":"2026-04-27T00:56:30","modified_gmt":"2026-04-27T00:56:30","slug":"senaleticas-inteligentes-para-dar-informacion-de-sitios-turisticos-en-puebla","status":"publish","type":"post","link":"https:\/\/lahora.mx\/index.php\/2026\/04\/27\/senaleticas-inteligentes-para-dar-informacion-de-sitios-turisticos-en-puebla\/","title":{"rendered":"Se\u00f1al\u00e9ticas inteligentes para dar informaci\u00f3n de sitios tur\u00edsticos en Puebla"},"content":{"rendered":"\n<p>La Secretar\u00eda de Desarrollo Tur\u00edstico pondr\u00e1 en marcha un programa de digitalizaci\u00f3n y de se\u00f1al\u00e9tica inteligente en Puebla capital, para cuando los visitantes lleguen a uno de los sitios tur\u00edsticos, puedan escanear un c\u00f3digo y tengan mayor informaci\u00f3n.<\/p>\n\n\n\n<p>As\u00ed lo dio a conocer en entrevista la titular de la dependencia, Carla L\u00f3pez-Malo Villal\u00f3n. Agreg\u00f3 que es un programa que debe arrancar este 2026 a fin de que la gente pueda hacer uso de la tecnolog\u00eda en su tel\u00e9fono celular al momento de recorrer la ciudad.<\/p>\n\n\n\n<p>Explic\u00f3 que a trav\u00e9s de un c\u00f3digo QR, los turistas podr\u00e1n escanear la se\u00f1al\u00e9tica inteligente para conocer qu\u00e9 sitio cultural, tur\u00edstico o gastron\u00f3mico de Puebla es y cuenten con la informaci\u00f3n. Esto los llevar\u00e1 a la p\u00e1gina web con la que podr\u00e1 podr\u00e1n hacer recomendaciones o ver sus propias rutas.<\/p>\n\n\n\n<p>La funcionaria estatal manifest\u00f3 que se va a cambiar la se\u00f1al\u00e9tica, por lo que de est\u00e1 trabajando en el proyecto en conjunto con la Secretar\u00eda de Turismo (Sectur) federal para que este 2026 inicie, una vez que se defina el monto que se necesita.<\/p>\n","protected":false},"excerpt":{"rendered":"<p>La Secretar\u00eda de Desarrollo Tur\u00edstico pondr\u00e1 en marcha un programa de digitalizaci\u00f3n y de se\u00f1al\u00e9tica inteligente en Puebla capital, para cuando los visitantes lleguen a uno de los sitios tur\u00edsticos, puedan escanear un c\u00f3digo y tengan mayor informaci\u00f3n. As\u00ed lo dio a conocer en entrevista la titular de la dependencia, Carla L\u00f3pez-Malo Villal\u00f3n. Agreg\u00f3 que [&hellip;]<\/p>\n","protected":false},"author":1,"featured_media":81679,"comment_status":"open","ping_status":"open","sticky":false,"template":"","format":"standard","meta":{"om_disable_all_campaigns":false,"_monsterinsights_skip_tracking":false,"_monsterinsights_sitenote_active":false,"_monsterinsights_sitenote_note":"","_monsterinsights_sitenote_category":0,"footnotes":""},"categories":[175],"tags":[223],"class_list":["post-81678","post","type-post","status-publish","format-standard","has-post-thumbnail","hentry","category-local","tag-puebla"],"amp_enabled":true,"_links":{"self":[{"href":"https:\/\/lahora.mx\/index.php\/wp-json\/wp\/v2\/posts\/81678","targetHints":{"allow":["GET"]}}],"collection":[{"href":"https:\/\/lahora.mx\/index.php\/wp-json\/wp\/v2\/posts"}],"about":[{"href":"https:\/\/lahora.mx\/index.php\/wp-json\/wp\/v2\/types\/post"}],"author":[{"embeddable":true,"href":"https:\/\/lahora.mx\/index.php\/wp-json\/wp\/v2\/users\/1"}],"replies":[{"embeddable":true,"href":"https:\/\/lahora.mx\/index.php\/wp-json\/wp\/v2\/comments?post=81678"}],"version-history":[{"count":1,"href":"https:\/\/lahora.mx\/index.php\/wp-json\/wp\/v2\/posts\/81678\/revisions"}],"predecessor-version":[{"id":81680,"href":"https:\/\/lahora.mx\/index.php\/wp-json\/wp\/v2\/posts\/81678\/revisions\/81680"}],"wp:featuredmedia":[{"embeddable":true,"href":"https:\/\/lahora.mx\/index.php\/wp-json\/wp\/v2\/media\/81679"}],"wp:attachment":[{"href":"https:\/\/lahora.mx\/index.php\/wp-json\/wp\/v2\/media?parent=81678"}],"wp:term":[{"taxonomy":"category","embeddable":true,"href":"https:\/\/lahora.mx\/index.php\/wp-json\/wp\/v2\/categories?post=81678"},{"taxonomy":"post_tag","embeddable":true,"href":"https:\/\/lahora.mx\/index.php\/wp-json\/wp\/v2\/tags?post=81678"}],"curies":[{"name":"wp","href":"https:\/\/api.w.org\/{rel}","templated":true}]}}