{"id":81675,"date":"2026-04-26T23:09:43","date_gmt":"2026-04-26T23:09:43","guid":{"rendered":"https:\/\/lahora.mx\/?p=81675"},"modified":"2026-04-26T23:09:44","modified_gmt":"2026-04-26T23:09:44","slug":"franeleros-cobran-hasta-300-pesos-en-los-alrededores-de-la-feria-de-puebla","status":"publish","type":"post","link":"https:\/\/lahora.mx\/index.php\/2026\/04\/26\/franeleros-cobran-hasta-300-pesos-en-los-alrededores-de-la-feria-de-puebla\/","title":{"rendered":"Franeleros cobran hasta 300 pesos en los alrededores de la Feria de Puebla"},"content":{"rendered":"\n<p>Visitantes de la Feria de Puebla 2026 denunciaron que en los alrededores del recinto se est\u00e1n registrando cobros de hasta 300 pesos por parte de franeleros para permitir el estacionamiento en la v\u00eda p\u00fablica.<\/p>\n\n\n\n<p>De acuerdo con testimonios recabados en la zona, los llamados \u201cviene viene\u201d se encuentran operando en calles cercanas al \u00e1rea de la feria, donde apartan espacios y solicitan cuotas que van desde los 100 hasta los 300 pesos, dependiendo de la cercan\u00eda al acceso principal y la afluencia del d\u00eda.<\/p>\n\n\n\n<p>feria-de-puebla<br>\u00bfTienes acceso a Terrazas? Esto necesitas saber antes de tu concierto en la Feria de Puebla 2026<br>Los visitantes inconformes se\u00f1alaron que esta problem\u00e1tica se concentra en la colonia Arboledas de Guadalupe, espec\u00edficamente en calles como Jacarandas y Guayac\u00e1n; no obstante, podr\u00eda replicarse en otras vialidades de la zona.<\/p>\n\n\n\n<p>Asistentes se\u00f1alaron que, aunque el pago no es obligatorio, en ciertos casos se sienten presionados a entregarlo para evitar posibles da\u00f1os a sus veh\u00edculos o conflictos al momento de retirarse.<\/p>\n\n\n\n<p>Esto ha generado molestia entre los visitantes, en algunos casos han discutido con quienes quieren cobrarles ciertas cuotas, pero poco pueden hacer.<\/p>\n\n\n\n<p>\u201cNo queda de otra, solo dejar los carros con el peligro de que les hagan algo, no descarto que algunos mejor se vayan de la feria por ese miedo\u201d, agreg\u00f3 uno de los afectados.<\/p>\n\n\n\n<p>Acomodadores y estacionamientos en la zona<br>Cabe recordar que autoridades estatales hab\u00edan informado previamente que no se permitir\u00edan cobros irregulares por estacionamiento en la zona, con el objetivo de evitar abusos hacia los visitantes durante el desarrollo de la feria.<\/p>\n\n\n\n<p>Es por ello que hay acomodadores oficiales, quienes portan chaleco de la feria de Puebla. Acercan a los automovilistas a espacios disponibles en la v\u00eda p\u00fablica sin costo alguno, sin embargo algunos espacios han sido tomados por franeleros.<\/p>\n\n\n\n<p>Por otro lado, hay cinco estacionamientos oficiales de la feria, los cuales cobran 50 pesos por veh\u00edculo y estar\u00e1n habilitados las 24 horas hasta el pr\u00f3ximo 10 de mayo:<\/p>\n\n\n\n<p>Centro Expositor<\/p>\n\n\n\n<p>Parque de la Familia<\/p>\n\n\n\n<p>Fuerte de Loreto<\/p>\n\n\n\n<p>Estadio Ignacio Zaragoza<\/p>\n\n\n\n<p>Junto a la terminal del Telef\u00e9rico<\/p>\n","protected":false},"excerpt":{"rendered":"<p>Visitantes de la Feria de Puebla 2026 denunciaron que en los alrededores del recinto se est\u00e1n registrando cobros de hasta 300 pesos por parte de franeleros para permitir el estacionamiento en la v\u00eda p\u00fablica. De acuerdo con testimonios recabados en la zona, los llamados \u201cviene viene\u201d se encuentran operando en calles cercanas al \u00e1rea de [&hellip;]<\/p>\n","protected":false},"author":1,"featured_media":81676,"comment_status":"open","ping_status":"open","sticky":false,"template":"","format":"standard","meta":{"om_disable_all_campaigns":false,"_monsterinsights_skip_tracking":false,"_monsterinsights_sitenote_active":false,"_monsterinsights_sitenote_note":"","_monsterinsights_sitenote_category":0,"footnotes":""},"categories":[175],"tags":[223],"class_list":["post-81675","post","type-post","status-publish","format-standard","has-post-thumbnail","hentry","category-local","tag-puebla"],"amp_enabled":true,"_links":{"self":[{"href":"https:\/\/lahora.mx\/index.php\/wp-json\/wp\/v2\/posts\/81675","targetHints":{"allow":["GET"]}}],"collection":[{"href":"https:\/\/lahora.mx\/index.php\/wp-json\/wp\/v2\/posts"}],"about":[{"href":"https:\/\/lahora.mx\/index.php\/wp-json\/wp\/v2\/types\/post"}],"author":[{"embeddable":true,"href":"https:\/\/lahora.mx\/index.php\/wp-json\/wp\/v2\/users\/1"}],"replies":[{"embeddable":true,"href":"https:\/\/lahora.mx\/index.php\/wp-json\/wp\/v2\/comments?post=81675"}],"version-history":[{"count":1,"href":"https:\/\/lahora.mx\/index.php\/wp-json\/wp\/v2\/posts\/81675\/revisions"}],"predecessor-version":[{"id":81677,"href":"https:\/\/lahora.mx\/index.php\/wp-json\/wp\/v2\/posts\/81675\/revisions\/81677"}],"wp:featuredmedia":[{"embeddable":true,"href":"https:\/\/lahora.mx\/index.php\/wp-json\/wp\/v2\/media\/81676"}],"wp:attachment":[{"href":"https:\/\/lahora.mx\/index.php\/wp-json\/wp\/v2\/media?parent=81675"}],"wp:term":[{"taxonomy":"category","embeddable":true,"href":"https:\/\/lahora.mx\/index.php\/wp-json\/wp\/v2\/categories?post=81675"},{"taxonomy":"post_tag","embeddable":true,"href":"https:\/\/lahora.mx\/index.php\/wp-json\/wp\/v2\/tags?post=81675"}],"curies":[{"name":"wp","href":"https:\/\/api.w.org\/{rel}","templated":true}]}}