{"id":81668,"date":"2026-04-26T22:42:06","date_gmt":"2026-04-26T22:42:06","guid":{"rendered":"https:\/\/lahora.mx\/?p=81668"},"modified":"2026-04-26T22:42:06","modified_gmt":"2026-04-26T22:42:06","slug":"pide-arzobispo-victor-sanchez-espinosa-por-poblanas-asesinadas","status":"publish","type":"post","link":"https:\/\/lahora.mx\/index.php\/2026\/04\/26\/pide-arzobispo-victor-sanchez-espinosa-por-poblanas-asesinadas\/","title":{"rendered":"Pide arzobispo V\u00edctor S\u00e1nchez Espinosa por poblanas asesinadas"},"content":{"rendered":"\n<p>Durante la misa dominical, el arzobispo de Puebla, V\u00edctor S\u00e1nchez Espinosa, record\u00f3 a dos mujeres que perdieron la vida en hechos violentos registrados entre el 19 y el 26 de abril, y pidi\u00f3 por su eterno descanso.<\/p>\n\n\n\n<p>En su mensaje, el l\u00edder de la Iglesia cat\u00f3lica expres\u00f3 sus condolencias a las familias de las v\u00edctimas y llam\u00f3 a detener la violencia que afecta al estado y al pa\u00eds, al tiempo que exhort\u00f3 a la paz y a la unidad social.<\/p>\n\n\n\n<p>Durante la homil\u00eda, record\u00f3 a la doctora Bertha Burciaga, asesinada el 20 de abril en la autopista M\u00e9xico-Tuxpan.<\/p>\n\n\n\n<p>De acuerdo con los reportes, polic\u00edas de la Secretar\u00eda de Seguridad P\u00fablica de Veracruz presuntamente dispararon contra la m\u00e9dica del IMSS, quien muri\u00f3 en el lugar, mientras que su acompa\u00f1ante result\u00f3 herida.<\/p>\n\n\n\n<p>Tambi\u00e9n mencion\u00f3 a Ang\u00e9lique Brizeida, estudiante de Derecho de 19 a\u00f1os, quien muri\u00f3 el jueves 23 de abril durante un ataque armado dentro de una miscel\u00e1nea ubicada en la colonia 10 de Mayo, al norte de la ciudad de Puebla.<\/p>\n\n\n\n<p>Seg\u00fan los reportes, la joven se encontraba en el establecimiento cuando sujetos a bordo de una motocicleta dispararon en el lugar, lo que dej\u00f3 como saldo su muerte y dos personas m\u00e1s heridas.<\/p>\n\n\n\n<p>Durante la agresi\u00f3n, los responsables tambi\u00e9n lanzaron bombas molotov al negocio. Hasta el momento, no se reportan personas detenidas por este caso.<\/p>\n\n\n\n<p>El arzobispo tambi\u00e9n pidi\u00f3 por el eterno descanso de L\u00e1zaro Mendoza Ram\u00edrez, ambientalista asesinado en Michoac\u00e1n.<\/p>\n","protected":false},"excerpt":{"rendered":"<p>Durante la misa dominical, el arzobispo de Puebla, V\u00edctor S\u00e1nchez Espinosa, record\u00f3 a dos mujeres que perdieron la vida en hechos violentos registrados entre el 19 y el 26 de abril, y pidi\u00f3 por su eterno descanso. En su mensaje, el l\u00edder de la Iglesia cat\u00f3lica expres\u00f3 sus condolencias a las familias de las v\u00edctimas [&hellip;]<\/p>\n","protected":false},"author":1,"featured_media":81669,"comment_status":"open","ping_status":"open","sticky":false,"template":"","format":"standard","meta":{"om_disable_all_campaigns":false,"_monsterinsights_skip_tracking":false,"_monsterinsights_sitenote_active":false,"_monsterinsights_sitenote_note":"","_monsterinsights_sitenote_category":0,"footnotes":""},"categories":[176],"tags":[223],"class_list":["post-81668","post","type-post","status-publish","format-standard","has-post-thumbnail","hentry","category-nacional","tag-puebla"],"amp_enabled":true,"_links":{"self":[{"href":"https:\/\/lahora.mx\/index.php\/wp-json\/wp\/v2\/posts\/81668","targetHints":{"allow":["GET"]}}],"collection":[{"href":"https:\/\/lahora.mx\/index.php\/wp-json\/wp\/v2\/posts"}],"about":[{"href":"https:\/\/lahora.mx\/index.php\/wp-json\/wp\/v2\/types\/post"}],"author":[{"embeddable":true,"href":"https:\/\/lahora.mx\/index.php\/wp-json\/wp\/v2\/users\/1"}],"replies":[{"embeddable":true,"href":"https:\/\/lahora.mx\/index.php\/wp-json\/wp\/v2\/comments?post=81668"}],"version-history":[{"count":1,"href":"https:\/\/lahora.mx\/index.php\/wp-json\/wp\/v2\/posts\/81668\/revisions"}],"predecessor-version":[{"id":81670,"href":"https:\/\/lahora.mx\/index.php\/wp-json\/wp\/v2\/posts\/81668\/revisions\/81670"}],"wp:featuredmedia":[{"embeddable":true,"href":"https:\/\/lahora.mx\/index.php\/wp-json\/wp\/v2\/media\/81669"}],"wp:attachment":[{"href":"https:\/\/lahora.mx\/index.php\/wp-json\/wp\/v2\/media?parent=81668"}],"wp:term":[{"taxonomy":"category","embeddable":true,"href":"https:\/\/lahora.mx\/index.php\/wp-json\/wp\/v2\/categories?post=81668"},{"taxonomy":"post_tag","embeddable":true,"href":"https:\/\/lahora.mx\/index.php\/wp-json\/wp\/v2\/tags?post=81668"}],"curies":[{"name":"wp","href":"https:\/\/api.w.org\/{rel}","templated":true}]}}