{"id":81664,"date":"2026-04-26T20:55:00","date_gmt":"2026-04-26T20:55:00","guid":{"rendered":"https:\/\/lahora.mx\/?p=81664"},"modified":"2026-04-26T20:55:01","modified_gmt":"2026-04-26T20:55:01","slug":"periferico-5-de-mayo-detonara-movilidad-y-desarrollo-de-puebla-los-proximos-50-anos","status":"publish","type":"post","link":"https:\/\/lahora.mx\/index.php\/2026\/04\/26\/periferico-5-de-mayo-detonara-movilidad-y-desarrollo-de-puebla-los-proximos-50-anos\/","title":{"rendered":"Perif\u00e9rico 5 de mayo detonar\u00e1 movilidad y desarrollo de Puebla los pr\u00f3ximos 50 a\u00f1os"},"content":{"rendered":"\n<p>Para atender la saturaci\u00f3n vial en la zona sur-oriente y fortalecer la conectividad regional, el gobernador Alejandro Armenta Mier impulsa la construcci\u00f3n del Circuito Sur del Perif\u00e9rico 5 de Mayo, una obra estrat\u00e9gica que forma parte de la visi\u00f3n de desarrollo respaldada por la presidenta Claudia Sheinbaum Pardo, y que impulsar\u00e1 una planeaci\u00f3n urbana con visi\u00f3n de largo plazo, para los pr\u00f3ximos 50 a\u00f1os.<\/p>\n\n\n\n<p>Durante un recorrido de supervisi\u00f3n por tierra y aire, el gobernador destac\u00f3 que se trata de la soluci\u00f3n vial m\u00e1s relevante de su administraci\u00f3n, con un esquema de bajo costo mediante el uso de materiales p\u00e9treos y la participaci\u00f3n de empresarios poblanos. La obra resolver\u00e1 tiempos de traslado de hasta dos horas a 30 minutos para cruzar hacia municipios como Amozoc, Tepeaca, Tecamachalco y Tehuac\u00e1n. Abarca del Camino al Bat\u00e1n hacia el oriente hasta conectar con la zona de Flor del Bosque, con entronques hacia San Francisco Totimehuac\u00e1n, Cuautinch\u00e1n y Tecali de Herrera, al tiempo que construye Senderos de Paz para beneficio de miles de poblanas y poblanos.<\/p>\n\n\n\n<p>Al realizar un sobrevuelo acompa\u00f1ado por el secretario de Infraestructura, Jos\u00e9 Manuel Contreras de los Santos, el gobernador Alejandro Armenta Mier reiter\u00f3 que el proyecto del Perif\u00e9rico 5 de Mayo contempla dos brazos: el Circuito Sur, que iniciar\u00e1 este a\u00f1o, y el Circuito Norte, programado para 2027. Como complemento, se construir\u00e1 un bulevar de Tecali a Tepeaca para consolidar el circuito completo.<\/p>\n\n\n\n<p>El secretario de Infraestructura, Jos\u00e9 Manuel Contreras de los Santos, precis\u00f3 que el Circuito Sur se ejecutar\u00e1 en dos etapas. La primera ampliar\u00e1 la cinta de rodamiento de dos a cuatro carriles por sentido, desde el Perif\u00e9rico Ecol\u00f3gico hasta Los \u00c1lamos, en una longitud de 12.36 kil\u00f3metros, con incorporaci\u00f3n hacia Flor del Bosque. La segunda etapa contempla desde Los \u00c1lamos a Los Pinos con tres puentes vehiculares y una longitud de 10.65 kil\u00f3metros.<\/p>\n\n\n\n<p>Los municipios beneficiados incluyen Puebla, Cuautinch\u00e1n y Amozoc, adem\u00e1s de abrir una conexi\u00f3n estrat\u00e9gica hacia la Mixteca, con impacto en Tepeaca, Tecamachalco, San Salvador Huixcolotla y Acatzingo. El Circuito Sur sumar\u00e1 22.58 kil\u00f3metros, mientras que el Circuito Norte alcanzar\u00e1 28.7 kil\u00f3metros, lo que equivale a la longitud del actual Perif\u00e9rico en un periodo de dos a\u00f1os.<\/p>\n\n\n\n<p>Patricia Cruz, habitante de la zona, afirm\u00f3 que la obra reducir\u00e1 tiempos de traslado y fortalecer\u00e1 la seguridad en la movilidad. Adem\u00e1s, reconoci\u00f3 al gobernador Alejandro Armenta Mier por los beneficios en su colonia Lomas de San Miguel, donde se ejecutan acciones de obra comunitaria. Miguel Flores P\u00e9rez se\u00f1al\u00f3 que la movilidad en la ciudad mejora como nunca antes. Asimismo, Sergio Morales indic\u00f3 que para las y los trabajadores de otras juntas auxiliares ser\u00e1 un beneficio despu\u00e9s de varios a\u00f1os que estaban olvidadas<\/p>\n\n\n\n<p>Durante su recorrido por la carretera, el gobernador convers\u00f3 con j\u00f3venes que practican skateboarding, a quienes les coment\u00f3 que tambi\u00e9n se impulsa este deporte en el estado y que se fomentar\u00e1 la construcci\u00f3n de m\u00e1s espacios en beneficio de quienes disfrutan de esta disciplina.<\/p>\n\n\n\n<p>Cabe mencionar que en otras regiones, el gobierno estatal proyecta infraestructura estrat\u00e9gica como el bulevar en San Jos\u00e9 Chiapa hacia Grajales, el tramo Grajales\u2013Nopalucan y una v\u00eda sin cuota que garantizar\u00e1 la movilidad. Tambi\u00e9n se contempla un bulevar de Oriental a Libres, as\u00ed como el tramo Chignahuapan\u2013Zacatl\u00e1n con ciclopista.<\/p>\n","protected":false},"excerpt":{"rendered":"<p>Para atender la saturaci\u00f3n vial en la zona sur-oriente y fortalecer la conectividad regional, el gobernador Alejandro Armenta Mier impulsa la construcci\u00f3n del Circuito Sur del Perif\u00e9rico 5 de Mayo, una obra estrat\u00e9gica que forma parte de la visi\u00f3n de desarrollo respaldada por la presidenta Claudia Sheinbaum Pardo, y que impulsar\u00e1 una planeaci\u00f3n urbana con [&hellip;]<\/p>\n","protected":false},"author":1,"featured_media":81665,"comment_status":"open","ping_status":"open","sticky":false,"template":"","format":"standard","meta":{"om_disable_all_campaigns":false,"_monsterinsights_skip_tracking":false,"_monsterinsights_sitenote_active":false,"_monsterinsights_sitenote_note":"","_monsterinsights_sitenote_category":0,"footnotes":""},"categories":[175],"tags":[239,223],"class_list":["post-81664","post","type-post","status-publish","format-standard","has-post-thumbnail","hentry","category-local","tag-gobierno","tag-puebla"],"amp_enabled":true,"_links":{"self":[{"href":"https:\/\/lahora.mx\/index.php\/wp-json\/wp\/v2\/posts\/81664","targetHints":{"allow":["GET"]}}],"collection":[{"href":"https:\/\/lahora.mx\/index.php\/wp-json\/wp\/v2\/posts"}],"about":[{"href":"https:\/\/lahora.mx\/index.php\/wp-json\/wp\/v2\/types\/post"}],"author":[{"embeddable":true,"href":"https:\/\/lahora.mx\/index.php\/wp-json\/wp\/v2\/users\/1"}],"replies":[{"embeddable":true,"href":"https:\/\/lahora.mx\/index.php\/wp-json\/wp\/v2\/comments?post=81664"}],"version-history":[{"count":1,"href":"https:\/\/lahora.mx\/index.php\/wp-json\/wp\/v2\/posts\/81664\/revisions"}],"predecessor-version":[{"id":81666,"href":"https:\/\/lahora.mx\/index.php\/wp-json\/wp\/v2\/posts\/81664\/revisions\/81666"}],"wp:featuredmedia":[{"embeddable":true,"href":"https:\/\/lahora.mx\/index.php\/wp-json\/wp\/v2\/media\/81665"}],"wp:attachment":[{"href":"https:\/\/lahora.mx\/index.php\/wp-json\/wp\/v2\/media?parent=81664"}],"wp:term":[{"taxonomy":"category","embeddable":true,"href":"https:\/\/lahora.mx\/index.php\/wp-json\/wp\/v2\/categories?post=81664"},{"taxonomy":"post_tag","embeddable":true,"href":"https:\/\/lahora.mx\/index.php\/wp-json\/wp\/v2\/tags?post=81664"}],"curies":[{"name":"wp","href":"https:\/\/api.w.org\/{rel}","templated":true}]}}