{"id":81650,"date":"2026-04-26T18:27:41","date_gmt":"2026-04-26T18:27:41","guid":{"rendered":"https:\/\/lahora.mx\/?p=81650"},"modified":"2026-04-26T19:11:35","modified_gmt":"2026-04-26T19:11:35","slug":"sedif-acerca-sana-diversion-a-ninez-de-municipios-en-la-feria-de-puebla-2026","status":"publish","type":"post","link":"https:\/\/lahora.mx\/index.php\/2026\/04\/26\/sedif-acerca-sana-diversion-a-ninez-de-municipios-en-la-feria-de-puebla-2026\/","title":{"rendered":"SEDIF acerca sana diversi\u00f3n a ni\u00f1ez de municipios en la feria de Puebla 2026"},"content":{"rendered":"\n<p>Con el objetivo de crear espacios de recreaci\u00f3n y sana convivencia, por segundo a\u00f1o consecutivo, ni\u00f1as y ni\u00f1os de distintos municipios del interior del estado visitaron la Feria de Puebla 2026, iniciativa impulsada por la presidenta del Patronato del Sistema Estatal para el Desarrollo Integral de la Familia (SEDIF), Ceci Arellano, para que poblanas y poblanos de toda la entidad tengan acceso y disfruten de este evento.<\/p>\n\n\n\n<p>Acompa\u00f1ados por familiares y con el apoyo de delegadas y delegados del SEDIF, las y los peque\u00f1os provenientes de Pahuatl\u00e1n, Ahuazotepec, Ixtacamaxtitl\u00e1n, Cuetzalan, Chichiquila, Teziutl\u00e1n, Juan C. Bonilla, Cuautinch\u00e1n, Tlalnepantla y de la junta auxiliar La Libertad, en la capital poblana, vivieron esta experiencia pensada en su bienestar. Durante su recorrido, disfrutaron de los tradicionales juegos mec\u00e1nicos, pabellones tem\u00e1ticos y exposiciones como las de la Guardia Nacional (GN) y la Secretar\u00eda de Marina (SEMAR), todo en un ambiente de alegr\u00eda que favorece su desarrollo y fortalece la convivencia familiar.<\/p>\n\n\n\n<p>\u201cHa sido una bonita manera de experimentar cosas nuevas. Nos gustaron los animales de granja y agradecemos mucho a Ceci Arellano por invitarnos a esta vivencia con las ni\u00f1as y ni\u00f1os\u201d, expres\u00f3 Luisa Amador, quien viaj\u00f3 desde Ahuazotepec a la Feria en compa\u00f1\u00eda de sus dos hijos.<\/p>\n","protected":false},"excerpt":{"rendered":"<p>Con el objetivo de crear espacios de recreaci\u00f3n y sana convivencia, por segundo a\u00f1o consecutivo, ni\u00f1as y ni\u00f1os de distintos municipios del interior del estado visitaron la Feria de Puebla 2026, iniciativa impulsada por la presidenta del Patronato del Sistema Estatal para el Desarrollo Integral de la Familia (SEDIF), Ceci Arellano, para que poblanas y [&hellip;]<\/p>\n","protected":false},"author":1,"featured_media":81652,"comment_status":"open","ping_status":"open","sticky":false,"template":"","format":"standard","meta":{"om_disable_all_campaigns":false,"_monsterinsights_skip_tracking":false,"_monsterinsights_sitenote_active":false,"_monsterinsights_sitenote_note":"","_monsterinsights_sitenote_category":0,"footnotes":""},"categories":[175],"tags":[239,195,223],"class_list":["post-81650","post","type-post","status-publish","format-standard","has-post-thumbnail","hentry","category-local","tag-gobierno","tag-principal","tag-puebla"],"amp_enabled":true,"_links":{"self":[{"href":"https:\/\/lahora.mx\/index.php\/wp-json\/wp\/v2\/posts\/81650","targetHints":{"allow":["GET"]}}],"collection":[{"href":"https:\/\/lahora.mx\/index.php\/wp-json\/wp\/v2\/posts"}],"about":[{"href":"https:\/\/lahora.mx\/index.php\/wp-json\/wp\/v2\/types\/post"}],"author":[{"embeddable":true,"href":"https:\/\/lahora.mx\/index.php\/wp-json\/wp\/v2\/users\/1"}],"replies":[{"embeddable":true,"href":"https:\/\/lahora.mx\/index.php\/wp-json\/wp\/v2\/comments?post=81650"}],"version-history":[{"count":2,"href":"https:\/\/lahora.mx\/index.php\/wp-json\/wp\/v2\/posts\/81650\/revisions"}],"predecessor-version":[{"id":81655,"href":"https:\/\/lahora.mx\/index.php\/wp-json\/wp\/v2\/posts\/81650\/revisions\/81655"}],"wp:featuredmedia":[{"embeddable":true,"href":"https:\/\/lahora.mx\/index.php\/wp-json\/wp\/v2\/media\/81652"}],"wp:attachment":[{"href":"https:\/\/lahora.mx\/index.php\/wp-json\/wp\/v2\/media?parent=81650"}],"wp:term":[{"taxonomy":"category","embeddable":true,"href":"https:\/\/lahora.mx\/index.php\/wp-json\/wp\/v2\/categories?post=81650"},{"taxonomy":"post_tag","embeddable":true,"href":"https:\/\/lahora.mx\/index.php\/wp-json\/wp\/v2\/tags?post=81650"}],"curies":[{"name":"wp","href":"https:\/\/api.w.org\/{rel}","templated":true}]}}