{"id":81640,"date":"2026-04-26T17:30:53","date_gmt":"2026-04-26T17:30:53","guid":{"rendered":"https:\/\/lahora.mx\/?p=81640"},"modified":"2026-04-26T17:30:54","modified_gmt":"2026-04-26T17:30:54","slug":"papa-leon-xiv-advierte-sobre-riesgos-nucleares-al-recordar-chernobil","status":"publish","type":"post","link":"https:\/\/lahora.mx\/index.php\/2026\/04\/26\/papa-leon-xiv-advierte-sobre-riesgos-nucleares-al-recordar-chernobil\/","title":{"rendered":"Papa Le\u00f3n XIV advierte sobre riesgos nucleares al recordar Chern\u00f3bil"},"content":{"rendered":"\n<p>En el marco del 40 aniversario del desastre de Central nuclear de Chern\u00f3bil, el papa Le\u00f3n XIV lanz\u00f3 un llamado a la prudencia en el uso de la energ\u00eda nuclear, insistiendo en que debe destinarse exclusivamente a fines pac\u00edficos.<\/p>\n\n\n\n<p>Desde el Vaticano, el pont\u00edfice record\u00f3 que la tragedia de 1986 dej\u00f3 una huella profunda en la humanidad y evidenci\u00f3 los peligros de tecnolog\u00edas con alto potencial destructivo, por lo que pidi\u00f3 a l\u00edderes mundiales actuar con responsabilidad.<br>El accidente es considerado el peor de su tipo en la historia y, seg\u00fan la Organizaci\u00f3n de las Naciones Unidas, provoc\u00f3 miles de muertes y afectaciones por radiaci\u00f3n, adem\u00e1s de exponer a cientos de miles de trabajadores durante las labores de contenci\u00f3n.<\/p>\n\n\n\n<p>A cuatro d\u00e9cadas del suceso, el Papa reiter\u00f3 que Chern\u00f3bil debe mantenerse como una advertencia global para evitar que se repitan tragedias similares.<\/p>\n","protected":false},"excerpt":{"rendered":"<p>En el marco del 40 aniversario del desastre de Central nuclear de Chern\u00f3bil, el papa Le\u00f3n XIV lanz\u00f3 un llamado a la prudencia en el uso de la energ\u00eda nuclear, insistiendo en que debe destinarse exclusivamente a fines pac\u00edficos. Desde el Vaticano, el pont\u00edfice record\u00f3 que la tragedia de 1986 dej\u00f3 una huella profunda en [&hellip;]<\/p>\n","protected":false},"author":1,"featured_media":81643,"comment_status":"open","ping_status":"open","sticky":false,"template":"","format":"standard","meta":{"om_disable_all_campaigns":false,"_monsterinsights_skip_tracking":false,"_monsterinsights_sitenote_active":false,"_monsterinsights_sitenote_note":"","_monsterinsights_sitenote_category":0,"footnotes":""},"categories":[183],"tags":[],"class_list":["post-81640","post","type-post","status-publish","format-standard","has-post-thumbnail","hentry","category-internacional"],"amp_enabled":true,"_links":{"self":[{"href":"https:\/\/lahora.mx\/index.php\/wp-json\/wp\/v2\/posts\/81640","targetHints":{"allow":["GET"]}}],"collection":[{"href":"https:\/\/lahora.mx\/index.php\/wp-json\/wp\/v2\/posts"}],"about":[{"href":"https:\/\/lahora.mx\/index.php\/wp-json\/wp\/v2\/types\/post"}],"author":[{"embeddable":true,"href":"https:\/\/lahora.mx\/index.php\/wp-json\/wp\/v2\/users\/1"}],"replies":[{"embeddable":true,"href":"https:\/\/lahora.mx\/index.php\/wp-json\/wp\/v2\/comments?post=81640"}],"version-history":[{"count":1,"href":"https:\/\/lahora.mx\/index.php\/wp-json\/wp\/v2\/posts\/81640\/revisions"}],"predecessor-version":[{"id":81644,"href":"https:\/\/lahora.mx\/index.php\/wp-json\/wp\/v2\/posts\/81640\/revisions\/81644"}],"wp:featuredmedia":[{"embeddable":true,"href":"https:\/\/lahora.mx\/index.php\/wp-json\/wp\/v2\/media\/81643"}],"wp:attachment":[{"href":"https:\/\/lahora.mx\/index.php\/wp-json\/wp\/v2\/media?parent=81640"}],"wp:term":[{"taxonomy":"category","embeddable":true,"href":"https:\/\/lahora.mx\/index.php\/wp-json\/wp\/v2\/categories?post=81640"},{"taxonomy":"post_tag","embeddable":true,"href":"https:\/\/lahora.mx\/index.php\/wp-json\/wp\/v2\/tags?post=81640"}],"curies":[{"name":"wp","href":"https:\/\/api.w.org\/{rel}","templated":true}]}}