{"id":81635,"date":"2026-04-26T17:24:05","date_gmt":"2026-04-26T17:24:05","guid":{"rendered":"https:\/\/lahora.mx\/?p=81635"},"modified":"2026-04-26T17:24:06","modified_gmt":"2026-04-26T17:24:06","slug":"onda-de-calor-azotara-puebla-cuatro-dias","status":"publish","type":"post","link":"https:\/\/lahora.mx\/index.php\/2026\/04\/26\/onda-de-calor-azotara-puebla-cuatro-dias\/","title":{"rendered":"Onda de calor azotar\u00e1 Puebla cuatro d\u00edas"},"content":{"rendered":"\n<p>Una&nbsp;<strong><a rel=\"noreferrer noopener\" href=\"https:\/\/oem.com.mx\/elsoldepuebla\/local\/onda-de-calor-impactara-a-puebla-este-fin-de-semana-conagua-29652028\" target=\"_blank\">onda calor<\/a><\/strong>&nbsp;llegar\u00e1 a Puebla este&nbsp;<strong>domingo<\/strong>&nbsp;y podr\u00eda mantenerse hasta el&nbsp;<strong>pr\u00f3ximo mi\u00e9rcoles,<\/strong>&nbsp;advirti\u00f3 la&nbsp;<strong>Coordinaci\u00f3n Estatal de Protecci\u00f3n Civil<\/strong>&nbsp;(PC); ante esta situaci\u00f3n, se recomienda&nbsp;<strong>adoptar<\/strong>&nbsp;medidas pertinentes y precautorias.<\/p>\n\n\n\n<p>A trav\u00e9s de su cuenta de X, antes Twitter, las&nbsp;<strong>autoridades&nbsp;<\/strong>indicaron que en estos d\u00edas los&nbsp;<strong>municipios<\/strong>&nbsp;m\u00e1s afectados podr\u00edan ser los que se encuentran en los<strong>&nbsp;Valles Centrales<\/strong>&nbsp;con m\u00e1ximas de<strong>&nbsp;27 a 33 grados,<\/strong>&nbsp;as\u00ed como en la&nbsp;<strong>Sierra Norte, Mixteca, Sierra Nororiental y Negra,&nbsp;<\/strong>con valores de<strong>&nbsp;34 a 40 grados.<\/strong><\/p>\n\n\n\n<figure class=\"wp-block-embed is-type-rich is-provider-twitter wp-block-embed-twitter\"><div class=\"wp-block-embed__wrapper\">\n<blockquote class=\"twitter-tweet\" data-width=\"550\" data-dnt=\"true\"><p lang=\"es\" dir=\"ltr\"><a href=\"https:\/\/twitter.com\/hashtag\/ALERTA?src=hash&amp;ref_src=twsrc%5Etfw\">#ALERTA<\/a> Debido a la ola de calor, se prev\u00e9n temperaturas de hasta 40\u00b0C en el estado de Puebla, acompa\u00f1adas de vientos de 20 a 30 km\/h, inform\u00f3 Protecci\u00f3n Civil Estatal.  <a href=\"https:\/\/twitter.com\/hashtag\/clima?src=hash&amp;ref_src=twsrc%5Etfw\">#clima<\/a> <a href=\"https:\/\/t.co\/Fx49uq29jg\">pic.twitter.com\/Fx49uq29jg<\/a><\/p>&mdash; La Hora (@LaHoraMX) <a href=\"https:\/\/twitter.com\/LaHoraMX\/status\/2048426881351856578?ref_src=twsrc%5Etfw\">April 26, 2026<\/a><\/blockquote><script async src=\"https:\/\/platform.twitter.com\/widgets.js\" charset=\"utf-8\"><\/script>\n<\/div><\/figure>\n\n\n\n<p>Asimismo, en este&nbsp;<strong>reporte<\/strong>&nbsp;se precis\u00f3 que para este&nbsp;<strong>domingo<\/strong>&nbsp;se espera que un&nbsp;<strong>contraste t\u00e9rmico&nbsp;<\/strong>genere&nbsp;<strong>lluvias de ligera a moderada intensidad<\/strong>&nbsp;con&nbsp;<strong>actividad el\u00e9ctrica&nbsp;<\/strong>y posible ca\u00edda de granizo en el&nbsp;<strong>Valle de Atlixco, la Mixteca&nbsp;<\/strong>y la<strong>&nbsp;Angel\u00f3polis.<\/strong><\/p>\n\n\n\n<p>Por otro lado, los&nbsp;<strong>representantes de PC<\/strong>&nbsp;a\u00f1adieron que, adicional a estas&nbsp;<strong>altas temperaturas,<\/strong>&nbsp;tambi\u00e9n se han pronosticado&nbsp;<strong>vientos fuertes,&nbsp;<\/strong>con rachas de hasta&nbsp;<strong>45 kil\u00f3metros por hora<\/strong>&nbsp;(km\/h) en la mayor de la entidad poblana.<\/p>\n\n\n\n<h3 class=\"wp-block-heading\"><strong><em>\u00bfC\u00f3mo ser\u00e1 el calor en la ciudad de Puebla?<\/em><\/strong><\/h3>\n\n\n\n<p>Seg\u00fan el pron\u00f3stico de la&nbsp;<strong>Comisi\u00f3n Nacional del Agua<\/strong>&nbsp;(Conagua), desde este&nbsp;<strong>domingo 26 hasta el siguiente mi\u00e9rcoles 28 de abril<\/strong>&nbsp;podr\u00eda mantenerse el&nbsp;<strong>ambiente caluroso<\/strong>&nbsp;en la ciudad de Puebla, al igual que en los&nbsp;<strong>municipios aleda\u00f1os.<\/strong><\/p>\n\n\n\n<p>En este sentido, durante estos d\u00edas, las\u00a0<strong>temperaturas m\u00ednimas<\/strong>\u00a0por las ma\u00f1anas podr\u00edan ir de los\u00a0<strong>14 a los 15 grados;<\/strong>\u00a0asimismo, por las tardes se podr\u00edan alcanzar\u00a0<strong>m\u00e1ximas de 28 a 29 grados,<\/strong>\u00a0principalmente el domingo y el lunes.<\/p>\n\n\n\n<p>Asimismo, es posible que para el\u00a0<strong>martes y mi\u00e9rcoles<\/strong>\u00a0se perciba\u00a0<strong>m\u00e1s calor,<\/strong>\u00a0ya que se estima que en\u00a0<strong>estos dos d\u00edas\u00a0<\/strong>las temperaturas\u00a0<strong>m\u00e1s altas sean de 31 grados,\u00a0<\/strong>asimismo, se han pronosticado\u00a0<strong>cielos despejados<\/strong>\u00a0y bajas probabilidades de precipitaciones.<\/p>\n","protected":false},"excerpt":{"rendered":"<p>Una&nbsp;onda calor&nbsp;llegar\u00e1 a Puebla este&nbsp;domingo&nbsp;y podr\u00eda mantenerse hasta el&nbsp;pr\u00f3ximo mi\u00e9rcoles,&nbsp;advirti\u00f3 la&nbsp;Coordinaci\u00f3n Estatal de Protecci\u00f3n Civil&nbsp;(PC); ante esta situaci\u00f3n, se recomienda&nbsp;adoptar&nbsp;medidas pertinentes y precautorias. A trav\u00e9s de su cuenta de X, antes Twitter, las&nbsp;autoridades&nbsp;indicaron que en estos d\u00edas los&nbsp;municipios&nbsp;m\u00e1s afectados podr\u00edan ser los que se encuentran en los&nbsp;Valles Centrales&nbsp;con m\u00e1ximas de&nbsp;27 a 33 grados,&nbsp;as\u00ed como en [&hellip;]<\/p>\n","protected":false},"author":1,"featured_media":81638,"comment_status":"open","ping_status":"open","sticky":false,"template":"","format":"standard","meta":{"om_disable_all_campaigns":false,"_monsterinsights_skip_tracking":false,"_monsterinsights_sitenote_active":false,"_monsterinsights_sitenote_note":"","_monsterinsights_sitenote_category":0,"footnotes":""},"categories":[175],"tags":[223],"class_list":["post-81635","post","type-post","status-publish","format-standard","has-post-thumbnail","hentry","category-local","tag-puebla"],"amp_enabled":true,"_links":{"self":[{"href":"https:\/\/lahora.mx\/index.php\/wp-json\/wp\/v2\/posts\/81635","targetHints":{"allow":["GET"]}}],"collection":[{"href":"https:\/\/lahora.mx\/index.php\/wp-json\/wp\/v2\/posts"}],"about":[{"href":"https:\/\/lahora.mx\/index.php\/wp-json\/wp\/v2\/types\/post"}],"author":[{"embeddable":true,"href":"https:\/\/lahora.mx\/index.php\/wp-json\/wp\/v2\/users\/1"}],"replies":[{"embeddable":true,"href":"https:\/\/lahora.mx\/index.php\/wp-json\/wp\/v2\/comments?post=81635"}],"version-history":[{"count":1,"href":"https:\/\/lahora.mx\/index.php\/wp-json\/wp\/v2\/posts\/81635\/revisions"}],"predecessor-version":[{"id":81639,"href":"https:\/\/lahora.mx\/index.php\/wp-json\/wp\/v2\/posts\/81635\/revisions\/81639"}],"wp:featuredmedia":[{"embeddable":true,"href":"https:\/\/lahora.mx\/index.php\/wp-json\/wp\/v2\/media\/81638"}],"wp:attachment":[{"href":"https:\/\/lahora.mx\/index.php\/wp-json\/wp\/v2\/media?parent=81635"}],"wp:term":[{"taxonomy":"category","embeddable":true,"href":"https:\/\/lahora.mx\/index.php\/wp-json\/wp\/v2\/categories?post=81635"},{"taxonomy":"post_tag","embeddable":true,"href":"https:\/\/lahora.mx\/index.php\/wp-json\/wp\/v2\/tags?post=81635"}],"curies":[{"name":"wp","href":"https:\/\/api.w.org\/{rel}","templated":true}]}}