{"id":81633,"date":"2026-04-26T17:23:20","date_gmt":"2026-04-26T17:23:20","guid":{"rendered":"https:\/\/lahora.mx\/?p=81633"},"modified":"2026-04-26T17:28:34","modified_gmt":"2026-04-26T17:28:34","slug":"pronostica-ola-de-calor-en-puebla-para-este-domingo-hasta-el-29-de-abril","status":"publish","type":"post","link":"https:\/\/lahora.mx\/index.php\/2026\/04\/26\/pronostica-ola-de-calor-en-puebla-para-este-domingo-hasta-el-29-de-abril\/","title":{"rendered":"Ola de calor afectara a Puebla desde este domingo"},"content":{"rendered":"\n<p>Protecci\u00f3n Civil alert\u00f3 que desde este domingo se prev\u00e9 que una ola de calor con temperaturas de hasta 40 grados Celsius en distintas regiones del estado durante los pr\u00f3ximos d\u00edas, inform\u00f3 la Coordinaci\u00f3n General de Protecci\u00f3n Civil y Gesti\u00f3n del Riesgo de Desastres, por lo que el Gobierno del Estado reforzar\u00e1 las acciones preventivas y de monitoreo para proteger a la poblaci\u00f3n.<\/p>\n\n\n\n<p>Protecci\u00f3n Civil, a cargo del coronel Bernab\u00e9 L\u00f3pez Santos, detall\u00f3 que del domingo 26 al mi\u00e9rcoles 29 de abril se registrar\u00e1n temperaturas de entre 27 y 33\u00b0C en Valles Centrales, as\u00ed como de 34 a 40\u00b0C en zonas como la Sierra Norte, Nororiental, Negra y Mixteca. Asimismo, durante los primeros d\u00edas se esperan lluvias ligeras a moderadas con acumulados de 5 a 25 mil\u00edmetros, con probabilidad de actividad el\u00e9ctrica y ca\u00edda de granizo.<br>El gobernador Alejandro Armenta Mier ha destacado la coordinaci\u00f3n permanente con el Gobierno de M\u00e9xico, en apego a la Estrategia Nacional de Protecci\u00f3n Civil promovida por la presidenta Claudia Sheinbaum, para garantizar atenci\u00f3n oportuna ante condiciones clim\u00e1ticas adversas. Adem\u00e1s, se mantiene monitoreo constante del sistema anticicl\u00f3nico ante la alta probabilidad de que la ola de calor se extienda hacia el pr\u00f3ximo fin de semana.<\/p>\n\n\n\n<p>Las autoridades informaron que tambi\u00e9n se pronostican vientos de componente sur y sureste de 20 a 30 kil\u00f3metros por hora, con rachas de hasta 45 kil\u00f3metros por hora en gran parte del estado, por lo que se recomienda a la poblaci\u00f3n mantenerse informada a trav\u00e9s de medios oficiales y seguir medidas preventivas.<\/p>\n","protected":false},"excerpt":{"rendered":"<p>Protecci\u00f3n Civil alert\u00f3 que desde este domingo se prev\u00e9 que una ola de calor con temperaturas de hasta 40 grados Celsius en distintas regiones del estado durante los pr\u00f3ximos d\u00edas, inform\u00f3 la Coordinaci\u00f3n General de Protecci\u00f3n Civil y Gesti\u00f3n del Riesgo de Desastres, por lo que el Gobierno del Estado reforzar\u00e1 las acciones preventivas y [&hellip;]<\/p>\n","protected":false},"author":1,"featured_media":81636,"comment_status":"open","ping_status":"open","sticky":false,"template":"","format":"standard","meta":{"om_disable_all_campaigns":false,"_monsterinsights_skip_tracking":false,"_monsterinsights_sitenote_active":false,"_monsterinsights_sitenote_note":"","_monsterinsights_sitenote_category":0,"footnotes":""},"categories":[175],"tags":[195,223],"class_list":["post-81633","post","type-post","status-publish","format-standard","has-post-thumbnail","hentry","category-local","tag-principal","tag-puebla"],"amp_enabled":true,"_links":{"self":[{"href":"https:\/\/lahora.mx\/index.php\/wp-json\/wp\/v2\/posts\/81633","targetHints":{"allow":["GET"]}}],"collection":[{"href":"https:\/\/lahora.mx\/index.php\/wp-json\/wp\/v2\/posts"}],"about":[{"href":"https:\/\/lahora.mx\/index.php\/wp-json\/wp\/v2\/types\/post"}],"author":[{"embeddable":true,"href":"https:\/\/lahora.mx\/index.php\/wp-json\/wp\/v2\/users\/1"}],"replies":[{"embeddable":true,"href":"https:\/\/lahora.mx\/index.php\/wp-json\/wp\/v2\/comments?post=81633"}],"version-history":[{"count":2,"href":"https:\/\/lahora.mx\/index.php\/wp-json\/wp\/v2\/posts\/81633\/revisions"}],"predecessor-version":[{"id":81642,"href":"https:\/\/lahora.mx\/index.php\/wp-json\/wp\/v2\/posts\/81633\/revisions\/81642"}],"wp:featuredmedia":[{"embeddable":true,"href":"https:\/\/lahora.mx\/index.php\/wp-json\/wp\/v2\/media\/81636"}],"wp:attachment":[{"href":"https:\/\/lahora.mx\/index.php\/wp-json\/wp\/v2\/media?parent=81633"}],"wp:term":[{"taxonomy":"category","embeddable":true,"href":"https:\/\/lahora.mx\/index.php\/wp-json\/wp\/v2\/categories?post=81633"},{"taxonomy":"post_tag","embeddable":true,"href":"https:\/\/lahora.mx\/index.php\/wp-json\/wp\/v2\/tags?post=81633"}],"curies":[{"name":"wp","href":"https:\/\/api.w.org\/{rel}","templated":true}]}}