{"id":81606,"date":"2026-04-25T03:26:27","date_gmt":"2026-04-25T03:26:27","guid":{"rendered":"https:\/\/lahora.mx\/?p=81606"},"modified":"2026-04-25T03:26:27","modified_gmt":"2026-04-25T03:26:27","slug":"el-gobernador-alejandro-armenta-no-permitira-abusos-y-precios-injustificados-en-la-feria-de-puebla","status":"publish","type":"post","link":"https:\/\/lahora.mx\/index.php\/2026\/04\/25\/el-gobernador-alejandro-armenta-no-permitira-abusos-y-precios-injustificados-en-la-feria-de-puebla\/","title":{"rendered":"El gobernador Alejandro Armenta no permitir\u00e1 abusos y precios injustificados en la Feria de Puebla"},"content":{"rendered":"\n<p>Apenas se han cumplido las primeras 24 horas de la Feria de Puebla 2026 y el mensaje de Alejandro Armenta Mier es claro y contundente, no permitir\u00e1n abusos y precios excesivos por parte de los expositores.<\/p>\n\n\n\n<p>Fue el pasado jueves 23 de abril cuando el Gobernador de Puebla puso en marcha de manera oficial dicha festividad, por lo que hizo un exhorto a la ciudadan\u00eda para que reporten cualquier anomal\u00eda con la finalidad de que su administraci\u00f3n tome cartas en el asunto.<br>Por tal motivo, pide a la gente denunciar todo tipo de abuso o incrementos injustificados de precios durante la Feria de Puebla 2026, con la finalidad de proteger la econom\u00eda de los visitantes.<\/p>\n\n\n\n<p>\u201cSi detectas abusos o aumentos injustificados en la Feria de Puebla 2026, \u00a1den\u00fancialos!\u201d, escribi\u00f3 el Mandatario Estatal por medio de sus redes sociales.<\/p>\n\n\n\n<p>Detalla que su Gobierno mantiene abiertos diversos canales de atenci\u00f3n para recibir quejas y darles seguimiento oportuno, por lo que pueden reportar cualquier detalle al WhatsApp 221 633 1577, tambi\u00e9n existe un apartado en la p\u00e1gina oficial para levantar denuncias: alejandroarmenta.com.mx\/haz-tu-denuncia\/<\/p>\n\n\n\n<p>Detalla que, en dicho portal, las personas afectadas pueden proporcionar su nombre, n\u00famero celular y la fecha de adquisici\u00f3n del producto o servicio, donde consideren que existe un abuso en la compra. Tambi\u00e9n se pide detallar el nombre y ubicaci\u00f3n del stand, describir el motivo de la inconformidad y adjuntar evidencia, como fotograf\u00edas o videos.<\/p>\n","protected":false},"excerpt":{"rendered":"<p>Apenas se han cumplido las primeras 24 horas de la Feria de Puebla 2026 y el mensaje de Alejandro Armenta Mier es claro y contundente, no permitir\u00e1n abusos y precios excesivos por parte de los expositores. Fue el pasado jueves 23 de abril cuando el Gobernador de Puebla puso en marcha de manera oficial dicha [&hellip;]<\/p>\n","protected":false},"author":1,"featured_media":81607,"comment_status":"open","ping_status":"open","sticky":false,"template":"","format":"standard","meta":{"om_disable_all_campaigns":false,"_monsterinsights_skip_tracking":false,"_monsterinsights_sitenote_active":false,"_monsterinsights_sitenote_note":"","_monsterinsights_sitenote_category":0,"footnotes":""},"categories":[175],"tags":[223],"class_list":["post-81606","post","type-post","status-publish","format-standard","has-post-thumbnail","hentry","category-local","tag-puebla"],"amp_enabled":true,"_links":{"self":[{"href":"https:\/\/lahora.mx\/index.php\/wp-json\/wp\/v2\/posts\/81606","targetHints":{"allow":["GET"]}}],"collection":[{"href":"https:\/\/lahora.mx\/index.php\/wp-json\/wp\/v2\/posts"}],"about":[{"href":"https:\/\/lahora.mx\/index.php\/wp-json\/wp\/v2\/types\/post"}],"author":[{"embeddable":true,"href":"https:\/\/lahora.mx\/index.php\/wp-json\/wp\/v2\/users\/1"}],"replies":[{"embeddable":true,"href":"https:\/\/lahora.mx\/index.php\/wp-json\/wp\/v2\/comments?post=81606"}],"version-history":[{"count":1,"href":"https:\/\/lahora.mx\/index.php\/wp-json\/wp\/v2\/posts\/81606\/revisions"}],"predecessor-version":[{"id":81608,"href":"https:\/\/lahora.mx\/index.php\/wp-json\/wp\/v2\/posts\/81606\/revisions\/81608"}],"wp:featuredmedia":[{"embeddable":true,"href":"https:\/\/lahora.mx\/index.php\/wp-json\/wp\/v2\/media\/81607"}],"wp:attachment":[{"href":"https:\/\/lahora.mx\/index.php\/wp-json\/wp\/v2\/media?parent=81606"}],"wp:term":[{"taxonomy":"category","embeddable":true,"href":"https:\/\/lahora.mx\/index.php\/wp-json\/wp\/v2\/categories?post=81606"},{"taxonomy":"post_tag","embeddable":true,"href":"https:\/\/lahora.mx\/index.php\/wp-json\/wp\/v2\/tags?post=81606"}],"curies":[{"name":"wp","href":"https:\/\/api.w.org\/{rel}","templated":true}]}}